{"id":3859,"date":"2025-03-31T09:35:55","date_gmt":"2025-03-31T09:35:55","guid":{"rendered":"https:\/\/marcela.pt\/news\/market-conditions-remain-stable\/"},"modified":"2025-05-27T14:56:40","modified_gmt":"2025-05-27T14:56:40","slug":"condicoes-de-mercado-mantem-se-estaveis","status":"publish","type":"post","link":"https:\/\/marcela.pt\/pt-pt\/noticias\/market-conditions-remain-stable\/","title":{"rendered":"Condi\u00e7\u00f5es de mercado mant\u00eam-se est\u00e1veis"},"content":{"rendered":"\n<p>Os resultados de maio de 2024 do PHMS RICS\/ Ci apontam para um quadro geral de estabiliza\u00e7\u00e3o das condi\u00e7\u00f5es do mercado de venda de habita\u00e7\u00e3o, dado que a maioria das m\u00e9tricas se mant\u00e9m em territ\u00f3rio neutro.<br><br><\/p>\n\n\n\n<p>Por outro lado, consolida-se a tend\u00eancia de crescimento da procura no arrendamento, mercado no qual se mant\u00e9m a falta de novos im\u00f3veis a entrar em oferta. Relativamente \u00e0 procura por novos compradores, a \u00faltima leitura foi de zero, alterando-se pouco face aos -2% de abril, o que volta a sugerir um quadro de estabilidade da procura no mercado de compra e venda de habita\u00e7\u00e3o.<\/p>\n\n\n\n<p>As novas instru\u00e7\u00f5es de venda tamb\u00e9m se mantiveram sem altera\u00e7\u00f5es, com um saldo l\u00edquido apenas 1 ponto percentual acima da leitura de -4% registada em abril. No que concerne o volume de vendas, o indicador mostrou-se menos negativo, passando de -11% em abril para -7% em maio.<\/p>\n\n\n\n<p>Como tem sido patente nos \u00faltimos meses, continua a ver-se uma diverg\u00eancia entre o desempenho atual das vendas e as expetativas para a sua evolu\u00e7\u00e3o a 3 meses. De facto, as m\u00e9tricas de expetativas devolveram uma leitura de +12% em maio, sendo o terceiro m\u00eas consecutivo a registar aumento.<\/p>\n\n\n\n<p>Ao mesmo tempo, o saldo l\u00edquido referente aos pre\u00e7os das casas registou um pequeno aumento e +3% para 10% em maio, confirmando a tend\u00eancia de ligeiro crescimento dos \u00faltimos tempos. Relativamente \u00e0s expetativas de pre\u00e7o para os pr\u00f3ximos 3 meses, contudo, o cen\u00e1rio \u00e9 mais cauteloso, com o saldo l\u00edquido em terreno neutro (-1%). No horizonte d 12 meses, contudo, a expetativa continua claramente positiva, com um saldo l\u00edquido de +36% dos inquiridos a anteciparem uma subida.<\/p>\n\n\n\n<p>Fonte: Confidencial imobili\u00e1rio<\/p>\n","protected":false},"excerpt":{"rendered":"<p>Os resultados de maio de 2024 do PHMS RICS\/ Ci apontam para um quadro geral de estabiliza\u00e7\u00e3o das condi\u00e7\u00f5es do mercado de venda de habita\u00e7\u00e3o, dado que a maioria das m\u00e9tricas se mant\u00e9m em territ\u00f3rio neutro. Por outro lado, consolida-se a tend\u00eancia de crescimento da procura no arrendamento, mercado no qual se mant\u00e9m a falta &#8230; <a title=\"Condi\u00e7\u00f5es de mercado mant\u00eam-se est\u00e1veis\" class=\"read-more\" href=\"https:\/\/marcela.pt\/pt-pt\/noticias\/market-conditions-remain-stable\/\" aria-label=\"Leia mais sobre Condi\u00e7\u00f5es de mercado mant\u00eam-se est\u00e1veis\">Ler mais<\/a><\/p>\n","protected":false},"author":5,"featured_media":2741,"comment_status":"closed","ping_status":"closed","sticky":false,"template":"","format":"standard","meta":{"_acf_changed":false,"footnotes":""},"categories":[59],"tags":[],"class_list":["post-3859","post","type-post","status-publish","format-standard","has-post-thumbnail","hentry","category-propriedade","generate-columns","tablet-grid-50","mobile-grid-100","grid-parent","grid-33"],"acf":[],"yoast_head":"<!-- This site is optimized with the Yoast SEO Premium plugin v25.1 (Yoast SEO v25.1) - https:\/\/yoast.com\/wordpress\/plugins\/seo\/ -->\n<title>Condi\u00e7\u00f5es de mercado mant\u00eam-se est\u00e1veis - Marcela Real Estate<\/title>\n<meta name=\"robots\" content=\"index, follow, max-snippet:-1, max-image-preview:large, max-video-preview:-1\" \/>\n<link rel=\"canonical\" href=\"https:\/\/marcela.pt\/pt-pt\/noticias\/market-conditions-remain-stable\/\" \/>\n<meta property=\"og:locale\" content=\"pt_PT\" \/>\n<meta property=\"og:type\" content=\"article\" \/>\n<meta property=\"og:title\" content=\"Condi\u00e7\u00f5es de mercado mant\u00eam-se est\u00e1veis\" \/>\n<meta property=\"og:description\" content=\"Os resultados de maio de 2024 do PHMS RICS\/ Ci apontam para um quadro geral de estabiliza\u00e7\u00e3o das condi\u00e7\u00f5es do mercado de venda de habita\u00e7\u00e3o, dado que a maioria das m\u00e9tricas se mant\u00e9m em territ\u00f3rio neutro. Por outro lado, consolida-se a tend\u00eancia de crescimento da procura no arrendamento, mercado no qual se mant\u00e9m a falta ... Ler mais\" \/>\n<meta property=\"og:url\" content=\"https:\/\/marcela.pt\/pt-pt\/noticias\/market-conditions-remain-stable\/\" \/>\n<meta property=\"og:site_name\" content=\"Marcela Real Estate\" \/>\n<meta property=\"article:published_time\" content=\"2025-03-31T09:35:55+00:00\" \/>\n<meta property=\"article:modified_time\" content=\"2025-05-27T14:56:40+00:00\" \/>\n<meta property=\"og:image\" content=\"https:\/\/marcela.pt\/wp-content\/uploads\/2025\/03\/142d051c5e-1724753025_0-scaled.jpg\" \/>\n\t<meta property=\"og:image:width\" content=\"2560\" \/>\n\t<meta property=\"og:image:height\" content=\"1920\" \/>\n\t<meta property=\"og:image:type\" content=\"image\/jpeg\" \/>\n<meta name=\"author\" content=\"Sara Sequeira\" \/>\n<meta name=\"twitter:card\" content=\"summary_large_image\" \/>\n<meta name=\"twitter:label1\" content=\"Escrito por\" \/>\n\t<meta name=\"twitter:data1\" content=\"Sara Sequeira\" \/>\n\t<meta name=\"twitter:label2\" content=\"Tempo estimado de leitura\" \/>\n\t<meta name=\"twitter:data2\" content=\"2 minutos\" \/>\n<script type=\"application\/ld+json\" class=\"yoast-schema-graph\">{\"@context\":\"https:\/\/schema.org\",\"@graph\":[{\"@type\":\"Article\",\"@id\":\"https:\/\/marcela.pt\/pt-pt\/noticias\/market-conditions-remain-stable\/#article\",\"isPartOf\":{\"@id\":\"https:\/\/marcela.pt\/pt-pt\/noticias\/market-conditions-remain-stable\/\"},\"author\":{\"name\":\"Sara Sequeira\",\"@id\":\"https:\/\/marcela.pt\/pt-pt\/#\/schema\/person\/6f2c80b8925bc317e3ce5e1ddb89179f\"},\"headline\":\"Condi\u00e7\u00f5es de mercado mant\u00eam-se est\u00e1veis\",\"datePublished\":\"2025-03-31T09:35:55+00:00\",\"dateModified\":\"2025-05-27T14:56:40+00:00\",\"mainEntityOfPage\":{\"@id\":\"https:\/\/marcela.pt\/pt-pt\/noticias\/market-conditions-remain-stable\/\"},\"wordCount\":300,\"publisher\":{\"@id\":\"https:\/\/marcela.pt\/pt-pt\/#organization\"},\"image\":{\"@id\":\"https:\/\/marcela.pt\/pt-pt\/noticias\/market-conditions-remain-stable\/#primaryimage\"},\"thumbnailUrl\":\"https:\/\/marcela.pt\/wp-content\/uploads\/2025\/03\/142d051c5e-1724753025_0-scaled.jpg\",\"articleSection\":[\"Propriedade\"],\"inLanguage\":\"pt-PT\"},{\"@type\":\"WebPage\",\"@id\":\"https:\/\/marcela.pt\/pt-pt\/noticias\/market-conditions-remain-stable\/\",\"url\":\"https:\/\/marcela.pt\/pt-pt\/noticias\/market-conditions-remain-stable\/\",\"name\":\"Condi\u00e7\u00f5es de mercado mant\u00eam-se est\u00e1veis - Marcela Real Estate\",\"isPartOf\":{\"@id\":\"https:\/\/marcela.pt\/pt-pt\/#website\"},\"primaryImageOfPage\":{\"@id\":\"https:\/\/marcela.pt\/pt-pt\/noticias\/market-conditions-remain-stable\/#primaryimage\"},\"image\":{\"@id\":\"https:\/\/marcela.pt\/pt-pt\/noticias\/market-conditions-remain-stable\/#primaryimage\"},\"thumbnailUrl\":\"https:\/\/marcela.pt\/wp-content\/uploads\/2025\/03\/142d051c5e-1724753025_0-scaled.jpg\",\"datePublished\":\"2025-03-31T09:35:55+00:00\",\"dateModified\":\"2025-05-27T14:56:40+00:00\",\"breadcrumb\":{\"@id\":\"https:\/\/marcela.pt\/pt-pt\/noticias\/market-conditions-remain-stable\/#breadcrumb\"},\"inLanguage\":\"pt-PT\",\"potentialAction\":[{\"@type\":\"ReadAction\",\"target\":[\"https:\/\/marcela.pt\/pt-pt\/noticias\/market-conditions-remain-stable\/\"]}]},{\"@type\":\"ImageObject\",\"inLanguage\":\"pt-PT\",\"@id\":\"https:\/\/marcela.pt\/pt-pt\/noticias\/market-conditions-remain-stable\/#primaryimage\",\"url\":\"https:\/\/marcela.pt\/wp-content\/uploads\/2025\/03\/142d051c5e-1724753025_0-scaled.jpg\",\"contentUrl\":\"https:\/\/marcela.pt\/wp-content\/uploads\/2025\/03\/142d051c5e-1724753025_0-scaled.jpg\",\"width\":2560,\"height\":1920},{\"@type\":\"BreadcrumbList\",\"@id\":\"https:\/\/marcela.pt\/pt-pt\/noticias\/market-conditions-remain-stable\/#breadcrumb\",\"itemListElement\":[{\"@type\":\"ListItem\",\"position\":1,\"name\":\"Home\",\"item\":\"https:\/\/marcela.pt\/pt-pt\/\"},{\"@type\":\"ListItem\",\"position\":2,\"name\":\"Condi\u00e7\u00f5es de mercado mant\u00eam-se est\u00e1veis\"}]},{\"@type\":\"WebSite\",\"@id\":\"https:\/\/marcela.pt\/pt-pt\/#website\",\"url\":\"https:\/\/marcela.pt\/pt-pt\/\",\"name\":\"Marcela Real Estate\",\"description\":\"Ag\u00eancia imobili\u00e1ria em Lagos, Algarve\",\"publisher\":{\"@id\":\"https:\/\/marcela.pt\/pt-pt\/#organization\"},\"potentialAction\":[{\"@type\":\"SearchAction\",\"target\":{\"@type\":\"EntryPoint\",\"urlTemplate\":\"https:\/\/marcela.pt\/pt-pt\/?s={search_term_string}\"},\"query-input\":{\"@type\":\"PropertyValueSpecification\",\"valueRequired\":true,\"valueName\":\"search_term_string\"}}],\"inLanguage\":\"pt-PT\"},{\"@type\":\"Organization\",\"@id\":\"https:\/\/marcela.pt\/pt-pt\/#organization\",\"name\":\"Marcela Real Estate\",\"url\":\"https:\/\/marcela.pt\/pt-pt\/\",\"logo\":{\"@type\":\"ImageObject\",\"inLanguage\":\"pt-PT\",\"@id\":\"https:\/\/marcela.pt\/pt-pt\/#\/schema\/logo\/image\/\",\"url\":\"https:\/\/marcela.pt\/wp-content\/uploads\/2025\/03\/logo_white.svg\",\"contentUrl\":\"https:\/\/marcela.pt\/wp-content\/uploads\/2025\/03\/logo_white.svg\",\"caption\":\"Marcela Real Estate\"},\"image\":{\"@id\":\"https:\/\/marcela.pt\/pt-pt\/#\/schema\/logo\/image\/\"}},{\"@type\":\"Person\",\"@id\":\"https:\/\/marcela.pt\/pt-pt\/#\/schema\/person\/6f2c80b8925bc317e3ce5e1ddb89179f\",\"name\":\"Sara Sequeira\",\"image\":{\"@type\":\"ImageObject\",\"inLanguage\":\"pt-PT\",\"@id\":\"https:\/\/marcela.pt\/pt-pt\/#\/schema\/person\/image\/\",\"url\":\"https:\/\/secure.gravatar.com\/avatar\/32689de640197072754090168021719c031e8734972332faa28098429a5ce980?s=96&d=mm&r=g\",\"contentUrl\":\"https:\/\/secure.gravatar.com\/avatar\/32689de640197072754090168021719c031e8734972332faa28098429a5ce980?s=96&d=mm&r=g\",\"caption\":\"Sara Sequeira\"},\"url\":\"https:\/\/marcela.pt\/pt-pt\/author\/dengun_sara\/\"}]}<\/script>\n<!-- \/ Yoast SEO Premium plugin. -->","yoast_head_json":{"title":"Condi\u00e7\u00f5es de mercado mant\u00eam-se est\u00e1veis - Marcela Real Estate","robots":{"index":"index","follow":"follow","max-snippet":"max-snippet:-1","max-image-preview":"max-image-preview:large","max-video-preview":"max-video-preview:-1"},"canonical":"https:\/\/marcela.pt\/pt-pt\/noticias\/market-conditions-remain-stable\/","og_locale":"pt_PT","og_type":"article","og_title":"Condi\u00e7\u00f5es de mercado mant\u00eam-se est\u00e1veis","og_description":"Os resultados de maio de 2024 do PHMS RICS\/ Ci apontam para um quadro geral de estabiliza\u00e7\u00e3o das condi\u00e7\u00f5es do mercado de venda de habita\u00e7\u00e3o, dado que a maioria das m\u00e9tricas se mant\u00e9m em territ\u00f3rio neutro. Por outro lado, consolida-se a tend\u00eancia de crescimento da procura no arrendamento, mercado no qual se mant\u00e9m a falta ... Ler mais","og_url":"https:\/\/marcela.pt\/pt-pt\/noticias\/market-conditions-remain-stable\/","og_site_name":"Marcela Real Estate","article_published_time":"2025-03-31T09:35:55+00:00","article_modified_time":"2025-05-27T14:56:40+00:00","og_image":[{"width":2560,"height":1920,"url":"https:\/\/marcela.pt\/wp-content\/uploads\/2025\/03\/142d051c5e-1724753025_0-scaled.jpg","type":"image\/jpeg"}],"author":"Sara Sequeira","twitter_card":"summary_large_image","twitter_misc":{"Escrito por":"Sara Sequeira","Tempo estimado de leitura":"2 minutos"},"schema":{"@context":"https:\/\/schema.org","@graph":[{"@type":"Article","@id":"https:\/\/marcela.pt\/pt-pt\/noticias\/market-conditions-remain-stable\/#article","isPartOf":{"@id":"https:\/\/marcela.pt\/pt-pt\/noticias\/market-conditions-remain-stable\/"},"author":{"name":"Sara Sequeira","@id":"https:\/\/marcela.pt\/pt-pt\/#\/schema\/person\/6f2c80b8925bc317e3ce5e1ddb89179f"},"headline":"Condi\u00e7\u00f5es de mercado mant\u00eam-se est\u00e1veis","datePublished":"2025-03-31T09:35:55+00:00","dateModified":"2025-05-27T14:56:40+00:00","mainEntityOfPage":{"@id":"https:\/\/marcela.pt\/pt-pt\/noticias\/market-conditions-remain-stable\/"},"wordCount":300,"publisher":{"@id":"https:\/\/marcela.pt\/pt-pt\/#organization"},"image":{"@id":"https:\/\/marcela.pt\/pt-pt\/noticias\/market-conditions-remain-stable\/#primaryimage"},"thumbnailUrl":"https:\/\/marcela.pt\/wp-content\/uploads\/2025\/03\/142d051c5e-1724753025_0-scaled.jpg","articleSection":["Propriedade"],"inLanguage":"pt-PT"},{"@type":"WebPage","@id":"https:\/\/marcela.pt\/pt-pt\/noticias\/market-conditions-remain-stable\/","url":"https:\/\/marcela.pt\/pt-pt\/noticias\/market-conditions-remain-stable\/","name":"Condi\u00e7\u00f5es de mercado mant\u00eam-se est\u00e1veis - Marcela Real Estate","isPartOf":{"@id":"https:\/\/marcela.pt\/pt-pt\/#website"},"primaryImageOfPage":{"@id":"https:\/\/marcela.pt\/pt-pt\/noticias\/market-conditions-remain-stable\/#primaryimage"},"image":{"@id":"https:\/\/marcela.pt\/pt-pt\/noticias\/market-conditions-remain-stable\/#primaryimage"},"thumbnailUrl":"https:\/\/marcela.pt\/wp-content\/uploads\/2025\/03\/142d051c5e-1724753025_0-scaled.jpg","datePublished":"2025-03-31T09:35:55+00:00","dateModified":"2025-05-27T14:56:40+00:00","breadcrumb":{"@id":"https:\/\/marcela.pt\/pt-pt\/noticias\/market-conditions-remain-stable\/#breadcrumb"},"inLanguage":"pt-PT","potentialAction":[{"@type":"ReadAction","target":["https:\/\/marcela.pt\/pt-pt\/noticias\/market-conditions-remain-stable\/"]}]},{"@type":"ImageObject","inLanguage":"pt-PT","@id":"https:\/\/marcela.pt\/pt-pt\/noticias\/market-conditions-remain-stable\/#primaryimage","url":"https:\/\/marcela.pt\/wp-content\/uploads\/2025\/03\/142d051c5e-1724753025_0-scaled.jpg","contentUrl":"https:\/\/marcela.pt\/wp-content\/uploads\/2025\/03\/142d051c5e-1724753025_0-scaled.jpg","width":2560,"height":1920},{"@type":"BreadcrumbList","@id":"https:\/\/marcela.pt\/pt-pt\/noticias\/market-conditions-remain-stable\/#breadcrumb","itemListElement":[{"@type":"ListItem","position":1,"name":"Home","item":"https:\/\/marcela.pt\/pt-pt\/"},{"@type":"ListItem","position":2,"name":"Condi\u00e7\u00f5es de mercado mant\u00eam-se est\u00e1veis"}]},{"@type":"WebSite","@id":"https:\/\/marcela.pt\/pt-pt\/#website","url":"https:\/\/marcela.pt\/pt-pt\/","name":"Marcela Real Estate","description":"Ag\u00eancia imobili\u00e1ria em Lagos, Algarve","publisher":{"@id":"https:\/\/marcela.pt\/pt-pt\/#organization"},"potentialAction":[{"@type":"SearchAction","target":{"@type":"EntryPoint","urlTemplate":"https:\/\/marcela.pt\/pt-pt\/?s={search_term_string}"},"query-input":{"@type":"PropertyValueSpecification","valueRequired":true,"valueName":"search_term_string"}}],"inLanguage":"pt-PT"},{"@type":"Organization","@id":"https:\/\/marcela.pt\/pt-pt\/#organization","name":"Marcela Real Estate","url":"https:\/\/marcela.pt\/pt-pt\/","logo":{"@type":"ImageObject","inLanguage":"pt-PT","@id":"https:\/\/marcela.pt\/pt-pt\/#\/schema\/logo\/image\/","url":"https:\/\/marcela.pt\/wp-content\/uploads\/2025\/03\/logo_white.svg","contentUrl":"https:\/\/marcela.pt\/wp-content\/uploads\/2025\/03\/logo_white.svg","caption":"Marcela Real Estate"},"image":{"@id":"https:\/\/marcela.pt\/pt-pt\/#\/schema\/logo\/image\/"}},{"@type":"Person","@id":"https:\/\/marcela.pt\/pt-pt\/#\/schema\/person\/6f2c80b8925bc317e3ce5e1ddb89179f","name":"Sara Sequeira","image":{"@type":"ImageObject","inLanguage":"pt-PT","@id":"https:\/\/marcela.pt\/pt-pt\/#\/schema\/person\/image\/","url":"https:\/\/secure.gravatar.com\/avatar\/32689de640197072754090168021719c031e8734972332faa28098429a5ce980?s=96&d=mm&r=g","contentUrl":"https:\/\/secure.gravatar.com\/avatar\/32689de640197072754090168021719c031e8734972332faa28098429a5ce980?s=96&d=mm&r=g","caption":"Sara Sequeira"},"url":"https:\/\/marcela.pt\/pt-pt\/author\/dengun_sara\/"}]}},"_links":{"self":[{"href":"https:\/\/marcela.pt\/pt-pt\/wp-json\/wp\/v2\/posts\/3859","targetHints":{"allow":["GET"]}}],"collection":[{"href":"https:\/\/marcela.pt\/pt-pt\/wp-json\/wp\/v2\/posts"}],"about":[{"href":"https:\/\/marcela.pt\/pt-pt\/wp-json\/wp\/v2\/types\/post"}],"author":[{"embeddable":true,"href":"https:\/\/marcela.pt\/pt-pt\/wp-json\/wp\/v2\/users\/5"}],"replies":[{"embeddable":true,"href":"https:\/\/marcela.pt\/pt-pt\/wp-json\/wp\/v2\/comments?post=3859"}],"version-history":[{"count":2,"href":"https:\/\/marcela.pt\/pt-pt\/wp-json\/wp\/v2\/posts\/3859\/revisions"}],"predecessor-version":[{"id":4890,"href":"https:\/\/marcela.pt\/pt-pt\/wp-json\/wp\/v2\/posts\/3859\/revisions\/4890"}],"wp:featuredmedia":[{"embeddable":true,"href":"https:\/\/marcela.pt\/pt-pt\/wp-json\/wp\/v2\/media\/2741"}],"wp:attachment":[{"href":"https:\/\/marcela.pt\/pt-pt\/wp-json\/wp\/v2\/media?parent=3859"}],"wp:term":[{"taxonomy":"category","embeddable":true,"href":"https:\/\/marcela.pt\/pt-pt\/wp-json\/wp\/v2\/categories?post=3859"},{"taxonomy":"post_tag","embeddable":true,"href":"https:\/\/marcela.pt\/pt-pt\/wp-json\/wp\/v2\/tags?post=3859"}],"curies":[{"name":"wp","href":"https:\/\/api.w.org\/{rel}","templated":true}]}}