{"id":3847,"date":"2025-03-31T09:41:44","date_gmt":"2025-03-31T09:41:44","guid":{"rendered":"https:\/\/marcela.pt\/news\/aljezurs-sweet-potato-festival-starts-this-friday\/"},"modified":"2025-05-27T14:43:44","modified_gmt":"2025-05-27T14:43:44","slug":"festival-da-batata-doce-em-aljezur-inicia-nesta-sexta-feira","status":"publish","type":"post","link":"https:\/\/marcela.pt\/pt-pt\/news\/aljezurs-sweet-potato-festival-starts-this-friday\/","title":{"rendered":"Festival da Batata Doce em Aljezur inicia nesta sexta-feira"},"content":{"rendered":"\n<p>Um dos maiores festivais do outono no barlavento portugu\u00eas traz \u00e0 popula\u00e7\u00e3o iguarias gastron\u00f4micas locais que giram em torno da batata doce.<\/p>\n\n\n\n<p><\/p>\n\n\n\n<p>A qualidade da batata doce, de variedade Lira, \u00e9 conhecida nacionalmente e internacionalmente como a melhor do Pa\u00eds e do mundo, possuidora do selo de Identifica\u00e7\u00e3o Geogr\u00e1fica Protegida (IGP).<\/p>\n\n\n\n<p>No festival os visitantes poder\u00e3o encontrar tascas que representam o que h\u00e1 de melhor da gastronomia local. Al\u00e9m disso, os expositores trar\u00e3o artesanato, produtos genu\u00ednos da regi\u00e3o e algumas inova\u00e7\u00f5es que surgem no com\u00e9rcio local, como a cerveja feita a partir da batata doce.<\/p>\n\n\n\n<p>Sem falar na variedade de doces apresentados no festival que podem ser uma tenta\u00e7\u00e3o ao paladar tais como compotas, gelados, licores, tudo a base da batata doce.<\/p>\n\n\n\n<p>Este certame al\u00e9m de agregar sabor traz uma grande import\u00e2ncia econ\u00f4mica para o concelho de Aljezur e ajuda na manuten\u00e7\u00e3o cultural e gastron\u00f4mica da zona.<\/p>\n\n\n\n<p>O Festival da Batata-Doce estar\u00e1 aberto \u00e0 sexta-feira e s\u00e1bado das 12h00 at\u00e9 meia-noite e, no domingo, das 12h \u00e0s 22h.<\/p>\n\n\n\n<p><\/p>\n","protected":false},"excerpt":{"rendered":"<p>Um dos maiores festivais do outono no barlavento portugu\u00eas traz \u00e0 popula\u00e7\u00e3o iguarias gastron\u00f4micas locais que giram em torno da batata doce. A qualidade da batata doce, de variedade Lira, \u00e9 conhecida nacionalmente e internacionalmente como a melhor do Pa\u00eds e do mundo, possuidora do selo de Identifica\u00e7\u00e3o Geogr\u00e1fica Protegida (IGP). No festival os visitantes &#8230; <a title=\"Festival da Batata Doce em Aljezur inicia nesta sexta-feira\" class=\"read-more\" href=\"https:\/\/marcela.pt\/pt-pt\/news\/aljezurs-sweet-potato-festival-starts-this-friday\/\" aria-label=\"Leia mais sobre Festival da Batata Doce em Aljezur inicia nesta sexta-feira\">Ler mais<\/a><\/p>\n","protected":false},"author":5,"featured_media":2777,"comment_status":"closed","ping_status":"closed","sticky":false,"template":"","format":"standard","meta":{"_acf_changed":false,"footnotes":""},"categories":[55],"tags":[],"class_list":["post-3847","post","type-post","status-publish","format-standard","has-post-thumbnail","hentry","category-algarve","generate-columns","tablet-grid-50","mobile-grid-100","grid-parent","grid-33"],"acf":[],"yoast_head":"<!-- This site is optimized with the Yoast SEO Premium plugin v25.1 (Yoast SEO v25.1) - https:\/\/yoast.com\/wordpress\/plugins\/seo\/ -->\n<title>Festival da Batata Doce em Aljezur inicia nesta sexta-feira - Marcela Real Estate<\/title>\n<meta name=\"robots\" content=\"index, follow, max-snippet:-1, max-image-preview:large, max-video-preview:-1\" \/>\n<link rel=\"canonical\" href=\"https:\/\/marcela.pt\/pt-pt\/news\/aljezurs-sweet-potato-festival-starts-this-friday\/\" \/>\n<meta property=\"og:locale\" content=\"pt_PT\" \/>\n<meta property=\"og:type\" content=\"article\" \/>\n<meta property=\"og:title\" content=\"Festival da Batata Doce em Aljezur inicia nesta sexta-feira\" \/>\n<meta property=\"og:description\" content=\"Um dos maiores festivais do outono no barlavento portugu\u00eas traz \u00e0 popula\u00e7\u00e3o iguarias gastron\u00f4micas locais que giram em torno da batata doce. A qualidade da batata doce, de variedade Lira, \u00e9 conhecida nacionalmente e internacionalmente como a melhor do Pa\u00eds e do mundo, possuidora do selo de Identifica\u00e7\u00e3o Geogr\u00e1fica Protegida (IGP). No festival os visitantes ... Ler mais\" \/>\n<meta property=\"og:url\" content=\"https:\/\/marcela.pt\/pt-pt\/news\/aljezurs-sweet-potato-festival-starts-this-friday\/\" \/>\n<meta property=\"og:site_name\" content=\"Marcela Real Estate\" \/>\n<meta property=\"article:published_time\" content=\"2025-03-31T09:41:44+00:00\" \/>\n<meta property=\"article:modified_time\" content=\"2025-05-27T14:43:44+00:00\" \/>\n<meta property=\"og:image\" content=\"https:\/\/marcela.pt\/wp-content\/uploads\/2025\/03\/454af7c7b4-1574941504_0.jpg\" \/>\n\t<meta property=\"og:image:width\" content=\"825\" \/>\n\t<meta property=\"og:image:height\" content=\"500\" \/>\n\t<meta property=\"og:image:type\" content=\"image\/jpeg\" \/>\n<meta name=\"author\" content=\"Sara Sequeira\" \/>\n<meta name=\"twitter:card\" content=\"summary_large_image\" \/>\n<meta name=\"twitter:label1\" content=\"Escrito por\" \/>\n\t<meta name=\"twitter:data1\" content=\"Sara Sequeira\" \/>\n\t<meta name=\"twitter:label2\" content=\"Tempo estimado de leitura\" \/>\n\t<meta name=\"twitter:data2\" content=\"1 minuto\" \/>\n<script type=\"application\/ld+json\" class=\"yoast-schema-graph\">{\"@context\":\"https:\/\/schema.org\",\"@graph\":[{\"@type\":\"Article\",\"@id\":\"https:\/\/marcela.pt\/pt-pt\/news\/aljezurs-sweet-potato-festival-starts-this-friday\/#article\",\"isPartOf\":{\"@id\":\"https:\/\/marcela.pt\/pt-pt\/news\/aljezurs-sweet-potato-festival-starts-this-friday\/\"},\"author\":{\"name\":\"Sara Sequeira\",\"@id\":\"https:\/\/marcela.pt\/pt-pt\/#\/schema\/person\/6f2c80b8925bc317e3ce5e1ddb89179f\"},\"headline\":\"Festival da Batata Doce em Aljezur inicia nesta sexta-feira\",\"datePublished\":\"2025-03-31T09:41:44+00:00\",\"dateModified\":\"2025-05-27T14:43:44+00:00\",\"mainEntityOfPage\":{\"@id\":\"https:\/\/marcela.pt\/pt-pt\/news\/aljezurs-sweet-potato-festival-starts-this-friday\/\"},\"wordCount\":194,\"publisher\":{\"@id\":\"https:\/\/marcela.pt\/pt-pt\/#organization\"},\"image\":{\"@id\":\"https:\/\/marcela.pt\/pt-pt\/news\/aljezurs-sweet-potato-festival-starts-this-friday\/#primaryimage\"},\"thumbnailUrl\":\"https:\/\/marcela.pt\/wp-content\/uploads\/2025\/03\/454af7c7b4-1574941504_0.jpg\",\"articleSection\":[\"Algarve\"],\"inLanguage\":\"pt-PT\"},{\"@type\":\"WebPage\",\"@id\":\"https:\/\/marcela.pt\/pt-pt\/news\/aljezurs-sweet-potato-festival-starts-this-friday\/\",\"url\":\"https:\/\/marcela.pt\/pt-pt\/news\/aljezurs-sweet-potato-festival-starts-this-friday\/\",\"name\":\"Festival da Batata Doce em Aljezur inicia nesta sexta-feira - Marcela Real Estate\",\"isPartOf\":{\"@id\":\"https:\/\/marcela.pt\/pt-pt\/#website\"},\"primaryImageOfPage\":{\"@id\":\"https:\/\/marcela.pt\/pt-pt\/news\/aljezurs-sweet-potato-festival-starts-this-friday\/#primaryimage\"},\"image\":{\"@id\":\"https:\/\/marcela.pt\/pt-pt\/news\/aljezurs-sweet-potato-festival-starts-this-friday\/#primaryimage\"},\"thumbnailUrl\":\"https:\/\/marcela.pt\/wp-content\/uploads\/2025\/03\/454af7c7b4-1574941504_0.jpg\",\"datePublished\":\"2025-03-31T09:41:44+00:00\",\"dateModified\":\"2025-05-27T14:43:44+00:00\",\"breadcrumb\":{\"@id\":\"https:\/\/marcela.pt\/pt-pt\/news\/aljezurs-sweet-potato-festival-starts-this-friday\/#breadcrumb\"},\"inLanguage\":\"pt-PT\",\"potentialAction\":[{\"@type\":\"ReadAction\",\"target\":[\"https:\/\/marcela.pt\/pt-pt\/news\/aljezurs-sweet-potato-festival-starts-this-friday\/\"]}]},{\"@type\":\"ImageObject\",\"inLanguage\":\"pt-PT\",\"@id\":\"https:\/\/marcela.pt\/pt-pt\/news\/aljezurs-sweet-potato-festival-starts-this-friday\/#primaryimage\",\"url\":\"https:\/\/marcela.pt\/wp-content\/uploads\/2025\/03\/454af7c7b4-1574941504_0.jpg\",\"contentUrl\":\"https:\/\/marcela.pt\/wp-content\/uploads\/2025\/03\/454af7c7b4-1574941504_0.jpg\",\"width\":825,\"height\":500},{\"@type\":\"BreadcrumbList\",\"@id\":\"https:\/\/marcela.pt\/pt-pt\/news\/aljezurs-sweet-potato-festival-starts-this-friday\/#breadcrumb\",\"itemListElement\":[{\"@type\":\"ListItem\",\"position\":1,\"name\":\"Home\",\"item\":\"https:\/\/marcela.pt\/pt-pt\/\"},{\"@type\":\"ListItem\",\"position\":2,\"name\":\"Festival da Batata Doce em Aljezur inicia nesta sexta-feira\"}]},{\"@type\":\"WebSite\",\"@id\":\"https:\/\/marcela.pt\/pt-pt\/#website\",\"url\":\"https:\/\/marcela.pt\/pt-pt\/\",\"name\":\"Marcela Real Estate\",\"description\":\"Ag\u00eancia imobili\u00e1ria em Lagos, Algarve\",\"publisher\":{\"@id\":\"https:\/\/marcela.pt\/pt-pt\/#organization\"},\"potentialAction\":[{\"@type\":\"SearchAction\",\"target\":{\"@type\":\"EntryPoint\",\"urlTemplate\":\"https:\/\/marcela.pt\/pt-pt\/?s={search_term_string}\"},\"query-input\":{\"@type\":\"PropertyValueSpecification\",\"valueRequired\":true,\"valueName\":\"search_term_string\"}}],\"inLanguage\":\"pt-PT\"},{\"@type\":\"Organization\",\"@id\":\"https:\/\/marcela.pt\/pt-pt\/#organization\",\"name\":\"Marcela Real Estate\",\"url\":\"https:\/\/marcela.pt\/pt-pt\/\",\"logo\":{\"@type\":\"ImageObject\",\"inLanguage\":\"pt-PT\",\"@id\":\"https:\/\/marcela.pt\/pt-pt\/#\/schema\/logo\/image\/\",\"url\":\"https:\/\/marcela.pt\/wp-content\/uploads\/2025\/03\/logo_white.svg\",\"contentUrl\":\"https:\/\/marcela.pt\/wp-content\/uploads\/2025\/03\/logo_white.svg\",\"caption\":\"Marcela Real Estate\"},\"image\":{\"@id\":\"https:\/\/marcela.pt\/pt-pt\/#\/schema\/logo\/image\/\"}},{\"@type\":\"Person\",\"@id\":\"https:\/\/marcela.pt\/pt-pt\/#\/schema\/person\/6f2c80b8925bc317e3ce5e1ddb89179f\",\"name\":\"Sara Sequeira\",\"image\":{\"@type\":\"ImageObject\",\"inLanguage\":\"pt-PT\",\"@id\":\"https:\/\/marcela.pt\/pt-pt\/#\/schema\/person\/image\/\",\"url\":\"https:\/\/secure.gravatar.com\/avatar\/32689de640197072754090168021719c031e8734972332faa28098429a5ce980?s=96&d=mm&r=g\",\"contentUrl\":\"https:\/\/secure.gravatar.com\/avatar\/32689de640197072754090168021719c031e8734972332faa28098429a5ce980?s=96&d=mm&r=g\",\"caption\":\"Sara Sequeira\"},\"url\":\"https:\/\/marcela.pt\/pt-pt\/author\/dengun_sara\/\"}]}<\/script>\n<!-- \/ Yoast SEO Premium plugin. -->","yoast_head_json":{"title":"Festival da Batata Doce em Aljezur inicia nesta sexta-feira - Marcela Real Estate","robots":{"index":"index","follow":"follow","max-snippet":"max-snippet:-1","max-image-preview":"max-image-preview:large","max-video-preview":"max-video-preview:-1"},"canonical":"https:\/\/marcela.pt\/pt-pt\/news\/aljezurs-sweet-potato-festival-starts-this-friday\/","og_locale":"pt_PT","og_type":"article","og_title":"Festival da Batata Doce em Aljezur inicia nesta sexta-feira","og_description":"Um dos maiores festivais do outono no barlavento portugu\u00eas traz \u00e0 popula\u00e7\u00e3o iguarias gastron\u00f4micas locais que giram em torno da batata doce. A qualidade da batata doce, de variedade Lira, \u00e9 conhecida nacionalmente e internacionalmente como a melhor do Pa\u00eds e do mundo, possuidora do selo de Identifica\u00e7\u00e3o Geogr\u00e1fica Protegida (IGP). No festival os visitantes ... Ler mais","og_url":"https:\/\/marcela.pt\/pt-pt\/news\/aljezurs-sweet-potato-festival-starts-this-friday\/","og_site_name":"Marcela Real Estate","article_published_time":"2025-03-31T09:41:44+00:00","article_modified_time":"2025-05-27T14:43:44+00:00","og_image":[{"width":825,"height":500,"url":"https:\/\/marcela.pt\/wp-content\/uploads\/2025\/03\/454af7c7b4-1574941504_0.jpg","type":"image\/jpeg"}],"author":"Sara Sequeira","twitter_card":"summary_large_image","twitter_misc":{"Escrito por":"Sara Sequeira","Tempo estimado de leitura":"1 minuto"},"schema":{"@context":"https:\/\/schema.org","@graph":[{"@type":"Article","@id":"https:\/\/marcela.pt\/pt-pt\/news\/aljezurs-sweet-potato-festival-starts-this-friday\/#article","isPartOf":{"@id":"https:\/\/marcela.pt\/pt-pt\/news\/aljezurs-sweet-potato-festival-starts-this-friday\/"},"author":{"name":"Sara Sequeira","@id":"https:\/\/marcela.pt\/pt-pt\/#\/schema\/person\/6f2c80b8925bc317e3ce5e1ddb89179f"},"headline":"Festival da Batata Doce em Aljezur inicia nesta sexta-feira","datePublished":"2025-03-31T09:41:44+00:00","dateModified":"2025-05-27T14:43:44+00:00","mainEntityOfPage":{"@id":"https:\/\/marcela.pt\/pt-pt\/news\/aljezurs-sweet-potato-festival-starts-this-friday\/"},"wordCount":194,"publisher":{"@id":"https:\/\/marcela.pt\/pt-pt\/#organization"},"image":{"@id":"https:\/\/marcela.pt\/pt-pt\/news\/aljezurs-sweet-potato-festival-starts-this-friday\/#primaryimage"},"thumbnailUrl":"https:\/\/marcela.pt\/wp-content\/uploads\/2025\/03\/454af7c7b4-1574941504_0.jpg","articleSection":["Algarve"],"inLanguage":"pt-PT"},{"@type":"WebPage","@id":"https:\/\/marcela.pt\/pt-pt\/news\/aljezurs-sweet-potato-festival-starts-this-friday\/","url":"https:\/\/marcela.pt\/pt-pt\/news\/aljezurs-sweet-potato-festival-starts-this-friday\/","name":"Festival da Batata Doce em Aljezur inicia nesta sexta-feira - Marcela Real Estate","isPartOf":{"@id":"https:\/\/marcela.pt\/pt-pt\/#website"},"primaryImageOfPage":{"@id":"https:\/\/marcela.pt\/pt-pt\/news\/aljezurs-sweet-potato-festival-starts-this-friday\/#primaryimage"},"image":{"@id":"https:\/\/marcela.pt\/pt-pt\/news\/aljezurs-sweet-potato-festival-starts-this-friday\/#primaryimage"},"thumbnailUrl":"https:\/\/marcela.pt\/wp-content\/uploads\/2025\/03\/454af7c7b4-1574941504_0.jpg","datePublished":"2025-03-31T09:41:44+00:00","dateModified":"2025-05-27T14:43:44+00:00","breadcrumb":{"@id":"https:\/\/marcela.pt\/pt-pt\/news\/aljezurs-sweet-potato-festival-starts-this-friday\/#breadcrumb"},"inLanguage":"pt-PT","potentialAction":[{"@type":"ReadAction","target":["https:\/\/marcela.pt\/pt-pt\/news\/aljezurs-sweet-potato-festival-starts-this-friday\/"]}]},{"@type":"ImageObject","inLanguage":"pt-PT","@id":"https:\/\/marcela.pt\/pt-pt\/news\/aljezurs-sweet-potato-festival-starts-this-friday\/#primaryimage","url":"https:\/\/marcela.pt\/wp-content\/uploads\/2025\/03\/454af7c7b4-1574941504_0.jpg","contentUrl":"https:\/\/marcela.pt\/wp-content\/uploads\/2025\/03\/454af7c7b4-1574941504_0.jpg","width":825,"height":500},{"@type":"BreadcrumbList","@id":"https:\/\/marcela.pt\/pt-pt\/news\/aljezurs-sweet-potato-festival-starts-this-friday\/#breadcrumb","itemListElement":[{"@type":"ListItem","position":1,"name":"Home","item":"https:\/\/marcela.pt\/pt-pt\/"},{"@type":"ListItem","position":2,"name":"Festival da Batata Doce em Aljezur inicia nesta sexta-feira"}]},{"@type":"WebSite","@id":"https:\/\/marcela.pt\/pt-pt\/#website","url":"https:\/\/marcela.pt\/pt-pt\/","name":"Marcela Real Estate","description":"Ag\u00eancia imobili\u00e1ria em Lagos, Algarve","publisher":{"@id":"https:\/\/marcela.pt\/pt-pt\/#organization"},"potentialAction":[{"@type":"SearchAction","target":{"@type":"EntryPoint","urlTemplate":"https:\/\/marcela.pt\/pt-pt\/?s={search_term_string}"},"query-input":{"@type":"PropertyValueSpecification","valueRequired":true,"valueName":"search_term_string"}}],"inLanguage":"pt-PT"},{"@type":"Organization","@id":"https:\/\/marcela.pt\/pt-pt\/#organization","name":"Marcela Real Estate","url":"https:\/\/marcela.pt\/pt-pt\/","logo":{"@type":"ImageObject","inLanguage":"pt-PT","@id":"https:\/\/marcela.pt\/pt-pt\/#\/schema\/logo\/image\/","url":"https:\/\/marcela.pt\/wp-content\/uploads\/2025\/03\/logo_white.svg","contentUrl":"https:\/\/marcela.pt\/wp-content\/uploads\/2025\/03\/logo_white.svg","caption":"Marcela Real Estate"},"image":{"@id":"https:\/\/marcela.pt\/pt-pt\/#\/schema\/logo\/image\/"}},{"@type":"Person","@id":"https:\/\/marcela.pt\/pt-pt\/#\/schema\/person\/6f2c80b8925bc317e3ce5e1ddb89179f","name":"Sara Sequeira","image":{"@type":"ImageObject","inLanguage":"pt-PT","@id":"https:\/\/marcela.pt\/pt-pt\/#\/schema\/person\/image\/","url":"https:\/\/secure.gravatar.com\/avatar\/32689de640197072754090168021719c031e8734972332faa28098429a5ce980?s=96&d=mm&r=g","contentUrl":"https:\/\/secure.gravatar.com\/avatar\/32689de640197072754090168021719c031e8734972332faa28098429a5ce980?s=96&d=mm&r=g","caption":"Sara Sequeira"},"url":"https:\/\/marcela.pt\/pt-pt\/author\/dengun_sara\/"}]}},"_links":{"self":[{"href":"https:\/\/marcela.pt\/pt-pt\/wp-json\/wp\/v2\/posts\/3847","targetHints":{"allow":["GET"]}}],"collection":[{"href":"https:\/\/marcela.pt\/pt-pt\/wp-json\/wp\/v2\/posts"}],"about":[{"href":"https:\/\/marcela.pt\/pt-pt\/wp-json\/wp\/v2\/types\/post"}],"author":[{"embeddable":true,"href":"https:\/\/marcela.pt\/pt-pt\/wp-json\/wp\/v2\/users\/5"}],"replies":[{"embeddable":true,"href":"https:\/\/marcela.pt\/pt-pt\/wp-json\/wp\/v2\/comments?post=3847"}],"version-history":[{"count":2,"href":"https:\/\/marcela.pt\/pt-pt\/wp-json\/wp\/v2\/posts\/3847\/revisions"}],"predecessor-version":[{"id":4876,"href":"https:\/\/marcela.pt\/pt-pt\/wp-json\/wp\/v2\/posts\/3847\/revisions\/4876"}],"wp:featuredmedia":[{"embeddable":true,"href":"https:\/\/marcela.pt\/pt-pt\/wp-json\/wp\/v2\/media\/2777"}],"wp:attachment":[{"href":"https:\/\/marcela.pt\/pt-pt\/wp-json\/wp\/v2\/media?parent=3847"}],"wp:term":[{"taxonomy":"category","embeddable":true,"href":"https:\/\/marcela.pt\/pt-pt\/wp-json\/wp\/v2\/categories?post=3847"},{"taxonomy":"post_tag","embeddable":true,"href":"https:\/\/marcela.pt\/pt-pt\/wp-json\/wp\/v2\/tags?post=3847"}],"curies":[{"name":"wp","href":"https:\/\/api.w.org\/{rel}","templated":true}]}}