{"id":3839,"date":"2025-03-31T09:47:07","date_gmt":"2025-03-31T09:47:07","guid":{"rendered":"https:\/\/marcela.pt\/news\/portugal-becomes-the-third-most-peaceful-country-in-the-world\/"},"modified":"2025-05-27T14:30:55","modified_gmt":"2025-05-27T14:30:55","slug":"portugal-torna-se-no-terceiro-pais-mais-pacifico-do-mundo","status":"publish","type":"post","link":"https:\/\/marcela.pt\/pt-pt\/noticias\/portugal-becomes-the-third-most-peaceful-country-in-the-world\/","title":{"rendered":"Portugal torna-se no terceiro pa\u00eds mais pac\u00edfico do mundo"},"content":{"rendered":"\n<p>Depois da Nova Zel\u00e2ndia e Isl\u00e2ndia, Portugal ocupar o terceiro lugar do Global Peace Index (GPI). H\u00e1 cinco anos, Portugal ocupava a 16.\u00aa posi\u00e7\u00e3o do estudo realizado pelo Instituto para a Economia e Paz e, desde essa altura, tem vindo a escalar na tabela, sendo que no ano passado j\u00e1 ocupava o quinto lugar.<\/p>\n\n\n\n<p><br><\/p>\n\n\n\n<p>Depois da Nova Zel\u00e2ndia e Isl\u00e2ndia, Portugal ocupar o terceiro lugar do Global Peace Index (GPI). H\u00e1 cinco anos, Portugal ocupava a 16.\u00aa posi\u00e7\u00e3o do estudo realizado pelo Instituto para a Economia e Paz e, desde essa altura, tem vindo a escalar na tabela, sendo que no ano passado j\u00e1 ocupava o quinto lugar.<\/p>\n\n\n\n<p>A subida de Portugal para terceiro lugar, segundo o P\u00fablico que cita o relat\u00f3rio, d\u00e1 conta da melhoria de 12 dos 23 indicadores do GPI, entre os quais est\u00e3o a instabilidade pol\u00edtica, os conflitos internos, n\u00edveis de viol\u00eancia e militariza\u00e7\u00e3o dos 163 pa\u00edses em an\u00e1lise.<\/p>\n\n\n\n<p>A Europa continua a ser o continente mais pac\u00edfico, uma vez que oito pa\u00edses europeus est\u00e3o nos primeiros 11 lugares. Mas, a tabela apresenta, este ano, altera\u00e7\u00f5es nas posi\u00e7\u00f5es que foram condicionadas pelas atividades terroristas que ocorreram em diversos pa\u00edses. Entre eles est\u00e3o a Fran\u00e7a, Dinamarca e Su\u00e9cia.<\/p>\n","protected":false},"excerpt":{"rendered":"<p>Depois da Nova Zel\u00e2ndia e Isl\u00e2ndia, Portugal ocupar o terceiro lugar do Global Peace Index (GPI). H\u00e1 cinco anos, Portugal ocupava a 16.\u00aa posi\u00e7\u00e3o do estudo realizado pelo Instituto para a Economia e Paz e, desde essa altura, tem vindo a escalar na tabela, sendo que no ano passado j\u00e1 ocupava o quinto lugar. Depois &#8230; <a title=\"Portugal torna-se no terceiro pa\u00eds mais pac\u00edfico do mundo\" class=\"read-more\" href=\"https:\/\/marcela.pt\/pt-pt\/noticias\/portugal-becomes-the-third-most-peaceful-country-in-the-world\/\" aria-label=\"Leia mais sobre Portugal torna-se no terceiro pa\u00eds mais pac\u00edfico do mundo\">Ler mais<\/a><\/p>\n","protected":false},"author":5,"featured_media":2785,"comment_status":"closed","ping_status":"closed","sticky":false,"template":"","format":"standard","meta":{"_acf_changed":false,"footnotes":""},"categories":[55],"tags":[],"class_list":["post-3839","post","type-post","status-publish","format-standard","has-post-thumbnail","hentry","category-algarve","generate-columns","tablet-grid-50","mobile-grid-100","grid-parent","grid-33"],"acf":[],"yoast_head":"<!-- This site is optimized with the Yoast SEO Premium plugin v25.1 (Yoast SEO v25.1) - https:\/\/yoast.com\/wordpress\/plugins\/seo\/ -->\n<title>Portugal torna-se no terceiro pa\u00eds mais pac\u00edfico do mundo - Marcela Real Estate<\/title>\n<meta name=\"robots\" content=\"index, follow, max-snippet:-1, max-image-preview:large, max-video-preview:-1\" \/>\n<link rel=\"canonical\" href=\"https:\/\/marcela.pt\/pt-pt\/noticias\/portugal-becomes-the-third-most-peaceful-country-in-the-world\/\" \/>\n<meta property=\"og:locale\" content=\"pt_PT\" \/>\n<meta property=\"og:type\" content=\"article\" \/>\n<meta property=\"og:title\" content=\"Portugal torna-se no terceiro pa\u00eds mais pac\u00edfico do mundo\" \/>\n<meta property=\"og:description\" content=\"Depois da Nova Zel\u00e2ndia e Isl\u00e2ndia, Portugal ocupar o terceiro lugar do Global Peace Index (GPI). H\u00e1 cinco anos, Portugal ocupava a 16.\u00aa posi\u00e7\u00e3o do estudo realizado pelo Instituto para a Economia e Paz e, desde essa altura, tem vindo a escalar na tabela, sendo que no ano passado j\u00e1 ocupava o quinto lugar. Depois ... Ler mais\" \/>\n<meta property=\"og:url\" content=\"https:\/\/marcela.pt\/pt-pt\/noticias\/portugal-becomes-the-third-most-peaceful-country-in-the-world\/\" \/>\n<meta property=\"og:site_name\" content=\"Marcela Real Estate\" \/>\n<meta property=\"article:published_time\" content=\"2025-03-31T09:47:07+00:00\" \/>\n<meta property=\"article:modified_time\" content=\"2025-05-27T14:30:55+00:00\" \/>\n<meta property=\"og:image\" content=\"https:\/\/marcela.pt\/wp-content\/uploads\/2025\/03\/142d051c5e-13875_20170605.jpg\" \/>\n\t<meta property=\"og:image:width\" content=\"1200\" \/>\n\t<meta property=\"og:image:height\" content=\"761\" \/>\n\t<meta property=\"og:image:type\" content=\"image\/jpeg\" \/>\n<meta name=\"author\" content=\"Sara Sequeira\" \/>\n<meta name=\"twitter:card\" content=\"summary_large_image\" \/>\n<meta name=\"twitter:label1\" content=\"Escrito por\" \/>\n\t<meta name=\"twitter:data1\" content=\"Sara Sequeira\" \/>\n\t<meta name=\"twitter:label2\" content=\"Tempo estimado de leitura\" \/>\n\t<meta name=\"twitter:data2\" content=\"2 minutos\" \/>\n<script type=\"application\/ld+json\" class=\"yoast-schema-graph\">{\"@context\":\"https:\/\/schema.org\",\"@graph\":[{\"@type\":\"Article\",\"@id\":\"https:\/\/marcela.pt\/pt-pt\/noticias\/portugal-becomes-the-third-most-peaceful-country-in-the-world\/#article\",\"isPartOf\":{\"@id\":\"https:\/\/marcela.pt\/pt-pt\/noticias\/portugal-becomes-the-third-most-peaceful-country-in-the-world\/\"},\"author\":{\"name\":\"Sara Sequeira\",\"@id\":\"https:\/\/marcela.pt\/pt-pt\/#\/schema\/person\/6f2c80b8925bc317e3ce5e1ddb89179f\"},\"headline\":\"Portugal torna-se no terceiro pa\u00eds mais pac\u00edfico do mundo\",\"datePublished\":\"2025-03-31T09:47:07+00:00\",\"dateModified\":\"2025-05-27T14:30:55+00:00\",\"mainEntityOfPage\":{\"@id\":\"https:\/\/marcela.pt\/pt-pt\/noticias\/portugal-becomes-the-third-most-peaceful-country-in-the-world\/\"},\"wordCount\":230,\"publisher\":{\"@id\":\"https:\/\/marcela.pt\/pt-pt\/#organization\"},\"image\":{\"@id\":\"https:\/\/marcela.pt\/pt-pt\/noticias\/portugal-becomes-the-third-most-peaceful-country-in-the-world\/#primaryimage\"},\"thumbnailUrl\":\"https:\/\/marcela.pt\/wp-content\/uploads\/2025\/03\/142d051c5e-13875_20170605.jpg\",\"articleSection\":[\"Algarve\"],\"inLanguage\":\"pt-PT\"},{\"@type\":\"WebPage\",\"@id\":\"https:\/\/marcela.pt\/pt-pt\/noticias\/portugal-becomes-the-third-most-peaceful-country-in-the-world\/\",\"url\":\"https:\/\/marcela.pt\/pt-pt\/noticias\/portugal-becomes-the-third-most-peaceful-country-in-the-world\/\",\"name\":\"Portugal torna-se no terceiro pa\u00eds mais pac\u00edfico do mundo - Marcela Real Estate\",\"isPartOf\":{\"@id\":\"https:\/\/marcela.pt\/pt-pt\/#website\"},\"primaryImageOfPage\":{\"@id\":\"https:\/\/marcela.pt\/pt-pt\/noticias\/portugal-becomes-the-third-most-peaceful-country-in-the-world\/#primaryimage\"},\"image\":{\"@id\":\"https:\/\/marcela.pt\/pt-pt\/noticias\/portugal-becomes-the-third-most-peaceful-country-in-the-world\/#primaryimage\"},\"thumbnailUrl\":\"https:\/\/marcela.pt\/wp-content\/uploads\/2025\/03\/142d051c5e-13875_20170605.jpg\",\"datePublished\":\"2025-03-31T09:47:07+00:00\",\"dateModified\":\"2025-05-27T14:30:55+00:00\",\"breadcrumb\":{\"@id\":\"https:\/\/marcela.pt\/pt-pt\/noticias\/portugal-becomes-the-third-most-peaceful-country-in-the-world\/#breadcrumb\"},\"inLanguage\":\"pt-PT\",\"potentialAction\":[{\"@type\":\"ReadAction\",\"target\":[\"https:\/\/marcela.pt\/pt-pt\/noticias\/portugal-becomes-the-third-most-peaceful-country-in-the-world\/\"]}]},{\"@type\":\"ImageObject\",\"inLanguage\":\"pt-PT\",\"@id\":\"https:\/\/marcela.pt\/pt-pt\/noticias\/portugal-becomes-the-third-most-peaceful-country-in-the-world\/#primaryimage\",\"url\":\"https:\/\/marcela.pt\/wp-content\/uploads\/2025\/03\/142d051c5e-13875_20170605.jpg\",\"contentUrl\":\"https:\/\/marcela.pt\/wp-content\/uploads\/2025\/03\/142d051c5e-13875_20170605.jpg\",\"width\":1200,\"height\":761},{\"@type\":\"BreadcrumbList\",\"@id\":\"https:\/\/marcela.pt\/pt-pt\/noticias\/portugal-becomes-the-third-most-peaceful-country-in-the-world\/#breadcrumb\",\"itemListElement\":[{\"@type\":\"ListItem\",\"position\":1,\"name\":\"Home\",\"item\":\"https:\/\/marcela.pt\/pt-pt\/\"},{\"@type\":\"ListItem\",\"position\":2,\"name\":\"Portugal torna-se no terceiro pa\u00eds mais pac\u00edfico do mundo\"}]},{\"@type\":\"WebSite\",\"@id\":\"https:\/\/marcela.pt\/pt-pt\/#website\",\"url\":\"https:\/\/marcela.pt\/pt-pt\/\",\"name\":\"Marcela Real Estate\",\"description\":\"Ag\u00eancia imobili\u00e1ria em Lagos, Algarve\",\"publisher\":{\"@id\":\"https:\/\/marcela.pt\/pt-pt\/#organization\"},\"potentialAction\":[{\"@type\":\"SearchAction\",\"target\":{\"@type\":\"EntryPoint\",\"urlTemplate\":\"https:\/\/marcela.pt\/pt-pt\/?s={search_term_string}\"},\"query-input\":{\"@type\":\"PropertyValueSpecification\",\"valueRequired\":true,\"valueName\":\"search_term_string\"}}],\"inLanguage\":\"pt-PT\"},{\"@type\":\"Organization\",\"@id\":\"https:\/\/marcela.pt\/pt-pt\/#organization\",\"name\":\"Marcela Real Estate\",\"url\":\"https:\/\/marcela.pt\/pt-pt\/\",\"logo\":{\"@type\":\"ImageObject\",\"inLanguage\":\"pt-PT\",\"@id\":\"https:\/\/marcela.pt\/pt-pt\/#\/schema\/logo\/image\/\",\"url\":\"https:\/\/marcela.pt\/wp-content\/uploads\/2025\/03\/logo_white.svg\",\"contentUrl\":\"https:\/\/marcela.pt\/wp-content\/uploads\/2025\/03\/logo_white.svg\",\"caption\":\"Marcela Real Estate\"},\"image\":{\"@id\":\"https:\/\/marcela.pt\/pt-pt\/#\/schema\/logo\/image\/\"}},{\"@type\":\"Person\",\"@id\":\"https:\/\/marcela.pt\/pt-pt\/#\/schema\/person\/6f2c80b8925bc317e3ce5e1ddb89179f\",\"name\":\"Sara Sequeira\",\"image\":{\"@type\":\"ImageObject\",\"inLanguage\":\"pt-PT\",\"@id\":\"https:\/\/marcela.pt\/pt-pt\/#\/schema\/person\/image\/\",\"url\":\"https:\/\/secure.gravatar.com\/avatar\/32689de640197072754090168021719c031e8734972332faa28098429a5ce980?s=96&d=mm&r=g\",\"contentUrl\":\"https:\/\/secure.gravatar.com\/avatar\/32689de640197072754090168021719c031e8734972332faa28098429a5ce980?s=96&d=mm&r=g\",\"caption\":\"Sara Sequeira\"},\"url\":\"https:\/\/marcela.pt\/pt-pt\/author\/dengun_sara\/\"}]}<\/script>\n<!-- \/ Yoast SEO Premium plugin. -->","yoast_head_json":{"title":"Portugal torna-se no terceiro pa\u00eds mais pac\u00edfico do mundo - Marcela Real Estate","robots":{"index":"index","follow":"follow","max-snippet":"max-snippet:-1","max-image-preview":"max-image-preview:large","max-video-preview":"max-video-preview:-1"},"canonical":"https:\/\/marcela.pt\/pt-pt\/noticias\/portugal-becomes-the-third-most-peaceful-country-in-the-world\/","og_locale":"pt_PT","og_type":"article","og_title":"Portugal torna-se no terceiro pa\u00eds mais pac\u00edfico do mundo","og_description":"Depois da Nova Zel\u00e2ndia e Isl\u00e2ndia, Portugal ocupar o terceiro lugar do Global Peace Index (GPI). H\u00e1 cinco anos, Portugal ocupava a 16.\u00aa posi\u00e7\u00e3o do estudo realizado pelo Instituto para a Economia e Paz e, desde essa altura, tem vindo a escalar na tabela, sendo que no ano passado j\u00e1 ocupava o quinto lugar. Depois ... Ler mais","og_url":"https:\/\/marcela.pt\/pt-pt\/noticias\/portugal-becomes-the-third-most-peaceful-country-in-the-world\/","og_site_name":"Marcela Real Estate","article_published_time":"2025-03-31T09:47:07+00:00","article_modified_time":"2025-05-27T14:30:55+00:00","og_image":[{"width":1200,"height":761,"url":"https:\/\/marcela.pt\/wp-content\/uploads\/2025\/03\/142d051c5e-13875_20170605.jpg","type":"image\/jpeg"}],"author":"Sara Sequeira","twitter_card":"summary_large_image","twitter_misc":{"Escrito por":"Sara Sequeira","Tempo estimado de leitura":"2 minutos"},"schema":{"@context":"https:\/\/schema.org","@graph":[{"@type":"Article","@id":"https:\/\/marcela.pt\/pt-pt\/noticias\/portugal-becomes-the-third-most-peaceful-country-in-the-world\/#article","isPartOf":{"@id":"https:\/\/marcela.pt\/pt-pt\/noticias\/portugal-becomes-the-third-most-peaceful-country-in-the-world\/"},"author":{"name":"Sara Sequeira","@id":"https:\/\/marcela.pt\/pt-pt\/#\/schema\/person\/6f2c80b8925bc317e3ce5e1ddb89179f"},"headline":"Portugal torna-se no terceiro pa\u00eds mais pac\u00edfico do mundo","datePublished":"2025-03-31T09:47:07+00:00","dateModified":"2025-05-27T14:30:55+00:00","mainEntityOfPage":{"@id":"https:\/\/marcela.pt\/pt-pt\/noticias\/portugal-becomes-the-third-most-peaceful-country-in-the-world\/"},"wordCount":230,"publisher":{"@id":"https:\/\/marcela.pt\/pt-pt\/#organization"},"image":{"@id":"https:\/\/marcela.pt\/pt-pt\/noticias\/portugal-becomes-the-third-most-peaceful-country-in-the-world\/#primaryimage"},"thumbnailUrl":"https:\/\/marcela.pt\/wp-content\/uploads\/2025\/03\/142d051c5e-13875_20170605.jpg","articleSection":["Algarve"],"inLanguage":"pt-PT"},{"@type":"WebPage","@id":"https:\/\/marcela.pt\/pt-pt\/noticias\/portugal-becomes-the-third-most-peaceful-country-in-the-world\/","url":"https:\/\/marcela.pt\/pt-pt\/noticias\/portugal-becomes-the-third-most-peaceful-country-in-the-world\/","name":"Portugal torna-se no terceiro pa\u00eds mais pac\u00edfico do mundo - Marcela Real Estate","isPartOf":{"@id":"https:\/\/marcela.pt\/pt-pt\/#website"},"primaryImageOfPage":{"@id":"https:\/\/marcela.pt\/pt-pt\/noticias\/portugal-becomes-the-third-most-peaceful-country-in-the-world\/#primaryimage"},"image":{"@id":"https:\/\/marcela.pt\/pt-pt\/noticias\/portugal-becomes-the-third-most-peaceful-country-in-the-world\/#primaryimage"},"thumbnailUrl":"https:\/\/marcela.pt\/wp-content\/uploads\/2025\/03\/142d051c5e-13875_20170605.jpg","datePublished":"2025-03-31T09:47:07+00:00","dateModified":"2025-05-27T14:30:55+00:00","breadcrumb":{"@id":"https:\/\/marcela.pt\/pt-pt\/noticias\/portugal-becomes-the-third-most-peaceful-country-in-the-world\/#breadcrumb"},"inLanguage":"pt-PT","potentialAction":[{"@type":"ReadAction","target":["https:\/\/marcela.pt\/pt-pt\/noticias\/portugal-becomes-the-third-most-peaceful-country-in-the-world\/"]}]},{"@type":"ImageObject","inLanguage":"pt-PT","@id":"https:\/\/marcela.pt\/pt-pt\/noticias\/portugal-becomes-the-third-most-peaceful-country-in-the-world\/#primaryimage","url":"https:\/\/marcela.pt\/wp-content\/uploads\/2025\/03\/142d051c5e-13875_20170605.jpg","contentUrl":"https:\/\/marcela.pt\/wp-content\/uploads\/2025\/03\/142d051c5e-13875_20170605.jpg","width":1200,"height":761},{"@type":"BreadcrumbList","@id":"https:\/\/marcela.pt\/pt-pt\/noticias\/portugal-becomes-the-third-most-peaceful-country-in-the-world\/#breadcrumb","itemListElement":[{"@type":"ListItem","position":1,"name":"Home","item":"https:\/\/marcela.pt\/pt-pt\/"},{"@type":"ListItem","position":2,"name":"Portugal torna-se no terceiro pa\u00eds mais pac\u00edfico do mundo"}]},{"@type":"WebSite","@id":"https:\/\/marcela.pt\/pt-pt\/#website","url":"https:\/\/marcela.pt\/pt-pt\/","name":"Marcela Real Estate","description":"Ag\u00eancia imobili\u00e1ria em Lagos, Algarve","publisher":{"@id":"https:\/\/marcela.pt\/pt-pt\/#organization"},"potentialAction":[{"@type":"SearchAction","target":{"@type":"EntryPoint","urlTemplate":"https:\/\/marcela.pt\/pt-pt\/?s={search_term_string}"},"query-input":{"@type":"PropertyValueSpecification","valueRequired":true,"valueName":"search_term_string"}}],"inLanguage":"pt-PT"},{"@type":"Organization","@id":"https:\/\/marcela.pt\/pt-pt\/#organization","name":"Marcela Real Estate","url":"https:\/\/marcela.pt\/pt-pt\/","logo":{"@type":"ImageObject","inLanguage":"pt-PT","@id":"https:\/\/marcela.pt\/pt-pt\/#\/schema\/logo\/image\/","url":"https:\/\/marcela.pt\/wp-content\/uploads\/2025\/03\/logo_white.svg","contentUrl":"https:\/\/marcela.pt\/wp-content\/uploads\/2025\/03\/logo_white.svg","caption":"Marcela Real Estate"},"image":{"@id":"https:\/\/marcela.pt\/pt-pt\/#\/schema\/logo\/image\/"}},{"@type":"Person","@id":"https:\/\/marcela.pt\/pt-pt\/#\/schema\/person\/6f2c80b8925bc317e3ce5e1ddb89179f","name":"Sara Sequeira","image":{"@type":"ImageObject","inLanguage":"pt-PT","@id":"https:\/\/marcela.pt\/pt-pt\/#\/schema\/person\/image\/","url":"https:\/\/secure.gravatar.com\/avatar\/32689de640197072754090168021719c031e8734972332faa28098429a5ce980?s=96&d=mm&r=g","contentUrl":"https:\/\/secure.gravatar.com\/avatar\/32689de640197072754090168021719c031e8734972332faa28098429a5ce980?s=96&d=mm&r=g","caption":"Sara Sequeira"},"url":"https:\/\/marcela.pt\/pt-pt\/author\/dengun_sara\/"}]}},"_links":{"self":[{"href":"https:\/\/marcela.pt\/pt-pt\/wp-json\/wp\/v2\/posts\/3839","targetHints":{"allow":["GET"]}}],"collection":[{"href":"https:\/\/marcela.pt\/pt-pt\/wp-json\/wp\/v2\/posts"}],"about":[{"href":"https:\/\/marcela.pt\/pt-pt\/wp-json\/wp\/v2\/types\/post"}],"author":[{"embeddable":true,"href":"https:\/\/marcela.pt\/pt-pt\/wp-json\/wp\/v2\/users\/5"}],"replies":[{"embeddable":true,"href":"https:\/\/marcela.pt\/pt-pt\/wp-json\/wp\/v2\/comments?post=3839"}],"version-history":[{"count":3,"href":"https:\/\/marcela.pt\/pt-pt\/wp-json\/wp\/v2\/posts\/3839\/revisions"}],"predecessor-version":[{"id":4866,"href":"https:\/\/marcela.pt\/pt-pt\/wp-json\/wp\/v2\/posts\/3839\/revisions\/4866"}],"wp:featuredmedia":[{"embeddable":true,"href":"https:\/\/marcela.pt\/pt-pt\/wp-json\/wp\/v2\/media\/2785"}],"wp:attachment":[{"href":"https:\/\/marcela.pt\/pt-pt\/wp-json\/wp\/v2\/media?parent=3839"}],"wp:term":[{"taxonomy":"category","embeddable":true,"href":"https:\/\/marcela.pt\/pt-pt\/wp-json\/wp\/v2\/categories?post=3839"},{"taxonomy":"post_tag","embeddable":true,"href":"https:\/\/marcela.pt\/pt-pt\/wp-json\/wp\/v2\/tags?post=3839"}],"curies":[{"name":"wp","href":"https:\/\/api.w.org\/{rel}","templated":true}]}}