{"id":3831,"date":"2025-03-31T09:59:25","date_gmt":"2025-03-31T09:59:25","guid":{"rendered":"https:\/\/marcela.pt\/news\/long-term-rental-investment-in-lagos\/"},"modified":"2025-05-27T14:22:58","modified_gmt":"2025-05-27T14:22:58","slug":"investimento-imobiliario-no-concelho-de-lagos","status":"publish","type":"post","link":"https:\/\/marcela.pt\/pt-pt\/news\/long-term-rental-investment-in-lagos\/","title":{"rendered":"Investimento Imobili\u00e1rio no Concelho de Lagos"},"content":{"rendered":"\n<p>O <a href=\"https:\/\/www.comparaja.pt\/\">\u200bComparaj\u00e1.pt<\/a>\u200b e a Marcela Propriedades juntaram-se para investigar a rentabilidade de um investimento num apartamento para arrendamento no concelho de Lagos, em Faro. \u00c0 semelhan\u00e7a do que acontece com a regi\u00e3o costeira do Algarve em geral, o mercado imobili\u00e1rio do concelho de Lagos tem-se revelado uma boa aposta para investidores imobili\u00e1rios.<\/p>\n\n\n\n<p><\/p>\n\n\n\n<p>\u00c0 semelhan\u00e7a do que acontece com a regi\u00e3o costeira do Algarve em geral, o mercado imobili\u00e1rio do concelho de Lagos tem-se revelado uma boa aposta para investidores imobili\u00e1rios.<br>Por isso, a plataforma online ComparaJ\u00e1.pt e a sociedade de media\u00e7\u00e3o imobili\u00e1ria Marcela Propriedades analisaram o mercado imobili\u00e1rio de Lagos relativamente ao per\u00edodo entre janeiro de 2012 e maio de 2017.<\/p>\n\n\n\n<p>O objetivo foi averiguar a rentabilidade de comprar um apartamento para arrendar e vender ao fim de oito anos.<br>Se est\u00e1 \u00e1 procura de uma oportunidade para investir, este artigo \u00e9 para si.<\/p>\n\n\n\n<p>Para este estudo, recorremos \u00e0 base de dados do Casa Sapo e us\u00e1mos como base um apartamento com 100 m2 e um pre\u00e7o de compra de 235 mil euros.<\/p>\n\n\n\n<p>Inclu\u00edmos tamb\u00e9m algumas despesas anuais b\u00e1sicas, tal como \u00e1gua, luz, seguro de habita\u00e7\u00e3o e despesas de manuten\u00e7\u00e3o e condom\u00ednio, assim como o IMI.<br>N\u00e3o s\u00f3 consideramos estas despesas, como apresentamos os valores de receita de arrendamento e de venda do im\u00f3vel l\u00edquidos do imposto de 28% a que est\u00e3o sujeitos, tal como tom\u00e1mos em considera\u00e7\u00e3o o valor do IMT a liquidar aquando da compra da casa.<\/p>\n\n\n\n<p><strong>Tend\u00eancias do mercado imobili\u00e1rio em Lagos<\/strong><\/p>\n\n\n\n<p>Inici\u00e1mos a nossa observa\u00e7\u00e3o com o pre\u00e7o m\u00e9dio por m\u00b2 neste concelho, que tem vindo a subir desde o final de 2013 e que actualmente se encontra nos 2391.55\u20ac, o valor mais alto desde ent\u00e3o.<br>Esta subida representa, em termos percentuais 27,05% desde Janeiro de 2012, em que o pre\u00e7o m\u00e9dio foi de 1772.21\u20ac.<\/p>\n\n\n\n<p><em>Gr\u00e1fico 1 &#8211; Pre\u00e7o m\u00e9dio por m\u00b2 entre 2012 e Maio de 2017<\/em><\/p>\n\n\n\n<p>Tamb\u00e9m o pre\u00e7o m\u00e9dio de venda de Apartamentos mostra uma progress\u00e3o para m\u00e1ximos hist\u00f3ricos dentro do per\u00edodo analisado, avan\u00e7ando 24,41% para mais de 257 mil euros.<\/p>\n\n\n\n<p><em>Gr\u00e1fico 2- Evolu\u00e7\u00e3o do pre\u00e7o m\u00e9dio de venda de apartamentos<\/em><\/p>\n\n\n\n<p>Por \u00faltimo, e tamb\u00e9m muito interessante \u00e9 a clara propens\u00e3o para um aumento do n\u00famero im\u00f3veis listados desde 2012, estando em Maio deste ano 1082 apartamentos listados para venda.<\/p>\n\n\n\n<p><em>Gr\u00e1fico 3 &#8211; N\u00famero de im\u00f3veis listados no Casa Sapo entre Janeiro de 2012 e Abril de 2017<\/em><\/p>\n\n\n\n<p><strong>Rendibilidade para arrendamento<\/strong><\/p>\n\n\n\n<p>Taxas de ocupa\u00e7\u00e3o<br>A taxa de ocupa\u00e7\u00e3o \u00e9 a percentagem de tempo que o im\u00f3vel estar\u00e1 arrendado durante o ano.<br>Quanto maior for a taxa de ocupa\u00e7\u00e3o maior ser\u00e1 a rentabilidade do im\u00f3vel e como tal \u00e9 um dos factores mais importantes a ter em conta quando se quer alugar um apartamento.<\/p>\n\n\n\n<p>De acordo com os dados do bar\u00f3metro Casa Sapo calcul\u00e1mos o pre\u00e7o m\u00e9dio de arrendamento nos \u00faltimos 5 anos, e fizemos uma estimativa do pre\u00e7o m\u00e9dio para os pr\u00f3ximos 5 anos.<br>Segundo as nossas estimativas, o pre\u00e7o m\u00e9dio de arrendamento entre 2017 e 2024 ser\u00e1 de 784\u20ac.<\/p>\n\n\n\n<p>Para este valor de arrendamento, consider\u00e1mos v\u00e1rias taxas de ocupa\u00e7\u00e3o para saber a poss\u00edvel rentabilidade anual deste apartamento.<br>Os valores apresentados s\u00e3o l\u00edquidos do imposto de 28% sobre rendimentos prediais.<\/p>\n\n\n\n<p><strong>Receita Anual<\/strong><\/p>\n\n\n\n<p>A receita anual de arrendamento tem uma grande varia\u00e7\u00e3o de acordo com a taxa de ocupa\u00e7\u00e3o do im\u00f3vel, como \u00e9 poss\u00edvel observar na seguinte tabela.<\/p>\n\n\n\n<div class=\"wp-block-columns is-layout-flex wp-container-core-columns-is-layout-9d6595d7 wp-block-columns-is-layout-flex\">\n<div class=\"wp-block-column is-layout-flow wp-block-column-is-layout-flow\" style=\"flex-basis:50%\">\n<p><strong>Taxa de ocup.<br><\/strong>25,00% <br>50,00% <br>75,00% <br>100,00%<\/p>\n<\/div>\n\n\n\n<div class=\"wp-block-column is-layout-flow wp-block-column-is-layout-flow\" style=\"flex-basis:50%\">\n<p><strong>Receita Anual Liq.<br><\/strong>337,00 \u20ac<br>1 797,00 \u20ac<br>3 256,00 \u20ac<br>4 716,00 \u20ac<br><\/p>\n<\/div>\n<\/div>\n\n\n\n<div class=\"wp-block-columns is-layout-flex wp-container-core-columns-is-layout-9d6595d7 wp-block-columns-is-layout-flex\">\n<div class=\"wp-block-column is-layout-flow wp-block-column-is-layout-flow\" style=\"flex-basis:50%\">\n<p><em>Tabela 2 &#8211; Receita Anual de arrendamento ap\u00f3s despesas e impostos<br><\/em><strong>Taxa de Ocupa\u00e7\u00e3o<br><\/strong>25,00%<br>50,00%<br>75,00%<br>100,00%<\/p>\n<\/div>\n\n\n\n<div class=\"wp-block-column is-layout-flow wp-block-column-is-layout-flow\" style=\"flex-basis:50%\">\n<p><br><strong>Receita a 8 anos Liq.<br><\/strong>25,00%<br>50,00%<br>75,00%<br>100,00%<\/p>\n<\/div>\n<\/div>\n\n\n\n<p><em>Tabela 3 &#8211; Receita L\u00edquida de arrendamento a 8 anos<\/em><\/p>\n\n\n\n<p><strong>Despesas com o im\u00f3vel<\/strong><\/p>\n\n\n\n<p>Relativamente \u00e0s despesas consideradas, calcul\u00e1mos um valor aproximado de IMI para o im\u00f3vel, mas sem consideramos quaisquer aumentos anuais desta taxa que \u00e9 a maior despesa anual com o im\u00f3vel.<br>Para cada diferente taxa de ocupa\u00e7\u00e3o, calcul\u00e1mos tamb\u00e9m uma percentagem equivalente das despesas n\u00e3o fixas com o im\u00f3vel.<\/p>\n\n\n\n<p>O seguro habita\u00e7\u00e3o que apresentamos \u00e9 multi-riscos com cobertura de im\u00f3vel, recheio, risco s\u00edsmico e el\u00e9ctrico de forma a melhor proteger o investimento.<\/p>\n\n\n\n<p><\/p>\n\n\n\n<div class=\"wp-block-columns is-layout-flex wp-container-core-columns-is-layout-9d6595d7 wp-block-columns-is-layout-flex\">\n<div class=\"wp-block-column is-layout-flow wp-block-column-is-layout-flow\" style=\"flex-basis:100%\">\n<div class=\"wp-block-columns is-layout-flex wp-container-core-columns-is-layout-9d6595d7 wp-block-columns-is-layout-flex\">\n<div class=\"wp-block-column is-layout-flow wp-block-column-is-layout-flow\" style=\"flex-basis:19.98%\">\n<p><strong>Despesa<br><\/strong>IMI<br>Seguro habita\u00e7\u00e3o<br>\u00c1gua &#8211; 120 m\u00b3\/ano<br>Luz<br>Or\u00e7amento repara\u00e7\u00f5es<br>Condom\u00ednio<br><strong>Total:<\/strong><\/p>\n<\/div>\n\n\n\n<div class=\"wp-block-column is-layout-flow wp-block-column-is-layout-flow\" style=\"flex-basis:20%\">\n<p><strong>T.O. 25%<br><\/strong>893,00 \u20ac<br>166,52 \u20ac<br>74,44 \u20ac<br>125,00 \u20ac<br>125,00 \u20ac<br>500,00 \u20ac<br>1 883,96 \u20ac<\/p>\n<\/div>\n\n\n\n<div class=\"wp-block-column is-layout-flow wp-block-column-is-layout-flow\" style=\"flex-basis:20%\">\n<p><strong>T.O. 50%<br><\/strong>893,00 \u20ac<br>166,52 \u20ac<br>148,88 \u20ac<br>250,00 \u20ac<br>250,00 \u20ac<br>500,00 \u20ac<br>2 208,40 \u20ac<\/p>\n<\/div>\n\n\n\n<div class=\"wp-block-column is-layout-flow wp-block-column-is-layout-flow\" style=\"flex-basis:20%\">\n<p><strong>T.O. 75%<br><\/strong>893,00 \u20ac<br>166,52 \u20ac<br>223,31 \u20ac<br>375,00 \u20ac<br>375,00 \u20ac<br>500,00 \u20ac<br>2 532,83 \u20ac<\/p>\n<\/div>\n\n\n\n<div class=\"wp-block-column is-layout-flow wp-block-column-is-layout-flow\" style=\"flex-basis:20%\">\n<p><strong>T.O. 100%<br><\/strong>893,00 \u20ac<br>166,52 \u20ac<br>297,75 \u20ac<br>500,00 \u20ac<br>500,00 \u20ac<br>500,00 \u20ac<br>2 857,27 \u20ac<\/p>\n<\/div>\n<\/div>\n<\/div>\n<\/div>\n\n\n\n<p><\/p>\n\n\n\n<p><em>Tabela 4 &#8211; Despesas consideradas no nosso estudo<\/em><\/p>\n\n\n\n<p><strong>Potencial de valoriza\u00e7\u00e3o<\/strong><\/p>\n\n\n\n<p>Sendo o potencial de valoriza\u00e7\u00e3o do im\u00f3vel um dos principais factores de decis\u00e3o num investimento imobili\u00e1rio, calcul\u00e1mos tamb\u00e9m alguns cen\u00e1rios de valoriza\u00e7\u00e3o para apresentar.<br>Na tabela seguinte apresentamos os ganhos poss\u00edveis com v\u00e1rias taxas de ocupa\u00e7\u00e3o e valoriza\u00e7\u00f5es anuais do im\u00f3vel.<\/p>\n\n\n\n<p><strong>Ganhos totais em v\u00e1rios cen\u00e1rios<\/strong><br>Valoriza\u00e7\u00e3o total<\/p>\n\n\n\n<div class=\"wp-block-columns is-layout-flex wp-container-core-columns-is-layout-9d6595d7 wp-block-columns-is-layout-flex\">\n<div class=\"wp-block-column is-layout-flow wp-block-column-is-layout-flow\" style=\"flex-basis:16.65%\">\n<p><br>25%<br>50%<br>75%<br>100%<\/p>\n<\/div>\n\n\n\n<div class=\"wp-block-column is-layout-flow wp-block-column-is-layout-flow\" style=\"flex-basis:16.67%\">\n<p><strong>0,50%<br><\/strong>3 262,72 \u20ac<br>14 942,72 \u20ac<br>26 614,72 \u20ac<br>38 294,72 \u20ac<\/p>\n<\/div>\n\n\n\n<div class=\"wp-block-column is-layout-flow wp-block-column-is-layout-flow\" style=\"flex-basis:16.67%\">\n<p><strong>1,00%<br><\/strong>5 301,24 \u20ac<br>16 981,24 \u20ac<br>28 653,24 \u20ac<br>40 333,24 \u20ac<\/p>\n<\/div>\n\n\n\n<div class=\"wp-block-column is-layout-flow wp-block-column-is-layout-flow\" style=\"flex-basis:16.67%\">\n<p><strong>2,00%<br><\/strong>11 144,46 \u20ac<br>22 824,46 \u20ac<br>34 496,46 \u20ac<br>46 176,46 \u20ac<\/p>\n<\/div>\n\n\n\n<div class=\"wp-block-column is-layout-flow wp-block-column-is-layout-flow\" style=\"flex-basis:16.67%\">\n<p><strong>2,50%<br><\/strong>14 220,18 \u20ac<br>25 900,18 \u20ac<br>37 572,18 \u20ac<br>49 252,18 \u20ac<\/p>\n<\/div>\n\n\n\n<div class=\"wp-block-column is-layout-flow wp-block-column-is-layout-flow\" style=\"flex-basis:16.67%\">\n<p><strong>4,00%<br><\/strong>24 101,12 \u20ac<br>35 781,12 \u20ac T.O.%<br>47 453,12 \u20ac<br>59 133,12 \u20ac<\/p>\n<\/div>\n<\/div>\n\n\n\n<p><\/p>\n\n\n\n<p><em>Tabela 5 &#8211; Ganhos totais l\u00edquidos com diferentes taxas de ocupa\u00e7\u00e3o e valoriza\u00e7\u00f5es de im\u00f3vel<\/em><\/p>\n\n\n\n<p>Valoriza\u00e7\u00e3o percentual total<\/p>\n\n\n\n<div class=\"wp-block-columns is-layout-flex wp-container-core-columns-is-layout-9d6595d7 wp-block-columns-is-layout-flex\">\n<div class=\"wp-block-column is-layout-flow wp-block-column-is-layout-flow\" style=\"flex-basis:16.67%\">\n<p><br>25%<br>50%<br>75%<br>100%<\/p>\n<\/div>\n\n\n\n<div class=\"wp-block-column is-layout-flow wp-block-column-is-layout-flow\" style=\"flex-basis:16.67%\">\n<p><strong>0,50%<br><\/strong>1,33%<br>6,09%<br>10,86%<br>15,62%<\/p>\n<\/div>\n\n\n\n<div class=\"wp-block-column is-layout-flow wp-block-column-is-layout-flow\" style=\"flex-basis:16.67%\">\n<p><strong>1,00%<br><\/strong>2,16%<br>6,93%<br>11,69%<br>16,45%<\/p>\n<\/div>\n\n\n\n<div class=\"wp-block-column is-layout-flow wp-block-column-is-layout-flow\" style=\"flex-basis:16.67%\">\n<p><strong>2,00%<br><\/strong>4,55%<br>9,31%<br>14,07%<br>18,83%<\/p>\n<\/div>\n\n\n\n<div class=\"wp-block-column is-layout-flow wp-block-column-is-layout-flow\" style=\"flex-basis:16.67%\">\n<p><strong>2,50%<br><\/strong>5,80%<br>10,56%<br>15,33%<br>20,09%<\/p>\n<\/div>\n\n\n\n<div class=\"wp-block-column is-layout-flow wp-block-column-is-layout-flow\" style=\"flex-basis:16.67%\">\n<p><strong>4,00%<br><\/strong>9,83%<br>14,59%         T.O.%<br>19,36%<br>24,12%<\/p>\n<\/div>\n<\/div>\n\n\n\n<p><\/p>\n\n\n\n<p><\/p>\n\n\n\n<p><\/p>\n\n\n\n<p><em>Tabela 6 &#8211; Ganhos totais l\u00edquidos em % com diferentes taxas de ocupa\u00e7\u00e3o e valoriza\u00e7\u00f5es de im\u00f3vel<\/em><\/p>\n\n\n\n<p>Conclus\u00e3o<\/p>\n\n\n\n<p>Com base na an\u00e1lise que fizemos, e na cria\u00e7\u00e3o de v\u00e1rias estimativas para a futura rentabilidade, o ComparaJ\u00e1.pt considera que a aquisi\u00e7\u00e3o de um apartamento para coloca\u00e7\u00e3o no mercado de arrendamento no concelho de Lagos \u00e9, a longo prazo, um bom investimento.<\/p>\n\n\n\n<p>Para o pior cen\u00e1rio que calcul\u00e1mos, uma taxa de ocupa\u00e7\u00e3o de 25% e uma valoriza\u00e7\u00e3o anual do im\u00f3vel de apenas 0,50% por ano, no final o investidor ficaria com 3 262,72 \u20ac de lucro ap\u00f3s impostos, um ganho de 1,33% sobre o investimento inicial.<\/p>\n\n\n\n<p>J\u00e1 numa previs\u00e3o positivista de valoriza\u00e7\u00e3o do im\u00f3vel de 4% ao ano e com uma taxa de ocupa\u00e7\u00e3o de 100%, a rentabilidade poder\u00e1 chegar a 24,12% que representa um lucro l\u00edquido de 59 133,12 \u20ac sobre o investimento inicial.<\/p>\n\n\n\n<p>A taxa de ocupa\u00e7\u00e3o ser\u00e1 chave na rentabiliza\u00e7\u00e3o do im\u00f3vel, e como tal recomendamos que seja feito um equil\u00edbrio entre o pre\u00e7o de arrendamento e a taxa de ocupa\u00e7\u00e3o que se espera do investimento, sendo prefer\u00edvel um pre\u00e7o ligeiramente mais baixo para obter uma taxa de ocupa\u00e7\u00e3o superior.<\/p>\n\n\n\n<p>Essa mesma taxa de ocupa\u00e7\u00e3o poder\u00e1 tamb\u00e9m ser melhorada com recurso a plataformas de arrendamento de curta dura\u00e7\u00e3o como a Uniplaces e o AirBNB.<\/p>\n\n\n\n<p>Por \u00faltimo, num cen\u00e1rio em que seja necess\u00e1rio cr\u00e9dito habita\u00e7\u00e3o para a aquisi\u00e7\u00e3o do im\u00f3vel, poder\u00e1 comparar todas as ofertas do mercado no site do <a href=\"https:\/\/www.comparaja.pt\/\">Comparaj\u00e1.pt<\/a>.<\/p>\n","protected":false},"excerpt":{"rendered":"<p>O \u200bComparaj\u00e1.pt\u200b e a Marcela Propriedades juntaram-se para investigar a rentabilidade de um investimento num apartamento para arrendamento no concelho de Lagos, em Faro. \u00c0 semelhan\u00e7a do que acontece com a regi\u00e3o costeira do Algarve em geral, o mercado imobili\u00e1rio do concelho de Lagos tem-se revelado uma boa aposta para investidores imobili\u00e1rios. \u00c0 semelhan\u00e7a do &#8230; <a title=\"Investimento Imobili\u00e1rio no Concelho de Lagos\" class=\"read-more\" href=\"https:\/\/marcela.pt\/pt-pt\/news\/long-term-rental-investment-in-lagos\/\" aria-label=\"Leia mais sobre Investimento Imobili\u00e1rio no Concelho de Lagos\">Ler mais<\/a><\/p>\n","protected":false},"author":5,"featured_media":2793,"comment_status":"closed","ping_status":"closed","sticky":false,"template":"","format":"standard","meta":{"_acf_changed":false,"footnotes":""},"categories":[59],"tags":[],"class_list":["post-3831","post","type-post","status-publish","format-standard","has-post-thumbnail","hentry","category-propriedade","generate-columns","tablet-grid-50","mobile-grid-100","grid-parent","grid-33"],"acf":[],"yoast_head":"<!-- This site is optimized with the Yoast SEO Premium plugin v25.1 (Yoast SEO v25.1) - https:\/\/yoast.com\/wordpress\/plugins\/seo\/ -->\n<title>Investimento Imobili\u00e1rio no Concelho de Lagos - Marcela Real Estate<\/title>\n<meta name=\"robots\" content=\"index, follow, max-snippet:-1, max-image-preview:large, max-video-preview:-1\" \/>\n<link rel=\"canonical\" href=\"https:\/\/marcela.pt\/pt-pt\/news\/long-term-rental-investment-in-lagos\/\" \/>\n<meta property=\"og:locale\" content=\"pt_PT\" \/>\n<meta property=\"og:type\" content=\"article\" \/>\n<meta property=\"og:title\" content=\"Investimento Imobili\u00e1rio no Concelho de Lagos\" \/>\n<meta property=\"og:description\" content=\"O \u200bComparaj\u00e1.pt\u200b e a Marcela Propriedades juntaram-se para investigar a rentabilidade de um investimento num apartamento para arrendamento no concelho de Lagos, em Faro. \u00c0 semelhan\u00e7a do que acontece com a regi\u00e3o costeira do Algarve em geral, o mercado imobili\u00e1rio do concelho de Lagos tem-se revelado uma boa aposta para investidores imobili\u00e1rios. \u00c0 semelhan\u00e7a do ... Ler mais\" \/>\n<meta property=\"og:url\" content=\"https:\/\/marcela.pt\/pt-pt\/news\/long-term-rental-investment-in-lagos\/\" \/>\n<meta property=\"og:site_name\" content=\"Marcela Real Estate\" \/>\n<meta property=\"article:published_time\" content=\"2025-03-31T09:59:25+00:00\" \/>\n<meta property=\"article:modified_time\" content=\"2025-05-27T14:22:58+00:00\" \/>\n<meta property=\"og:image\" content=\"https:\/\/marcela.pt\/wp-content\/uploads\/2025\/03\/142d051c5e-SemTtulo-32_20180605.jpg\" \/>\n\t<meta property=\"og:image:width\" content=\"1098\" \/>\n\t<meta property=\"og:image:height\" content=\"703\" \/>\n\t<meta property=\"og:image:type\" content=\"image\/jpeg\" \/>\n<meta name=\"author\" content=\"Sara Sequeira\" \/>\n<meta name=\"twitter:card\" content=\"summary_large_image\" \/>\n<meta name=\"twitter:label1\" content=\"Escrito por\" \/>\n\t<meta name=\"twitter:data1\" content=\"Sara Sequeira\" \/>\n\t<meta name=\"twitter:label2\" content=\"Tempo estimado de leitura\" \/>\n\t<meta name=\"twitter:data2\" content=\"6 minutos\" \/>\n<script type=\"application\/ld+json\" class=\"yoast-schema-graph\">{\"@context\":\"https:\/\/schema.org\",\"@graph\":[{\"@type\":\"Article\",\"@id\":\"https:\/\/marcela.pt\/pt-pt\/news\/long-term-rental-investment-in-lagos\/#article\",\"isPartOf\":{\"@id\":\"https:\/\/marcela.pt\/pt-pt\/news\/long-term-rental-investment-in-lagos\/\"},\"author\":{\"name\":\"Sara Sequeira\",\"@id\":\"https:\/\/marcela.pt\/pt-pt\/#\/schema\/person\/6f2c80b8925bc317e3ce5e1ddb89179f\"},\"headline\":\"Investimento Imobili\u00e1rio no Concelho de Lagos\",\"datePublished\":\"2025-03-31T09:59:25+00:00\",\"dateModified\":\"2025-05-27T14:22:58+00:00\",\"mainEntityOfPage\":{\"@id\":\"https:\/\/marcela.pt\/pt-pt\/news\/long-term-rental-investment-in-lagos\/\"},\"wordCount\":1117,\"publisher\":{\"@id\":\"https:\/\/marcela.pt\/pt-pt\/#organization\"},\"image\":{\"@id\":\"https:\/\/marcela.pt\/pt-pt\/news\/long-term-rental-investment-in-lagos\/#primaryimage\"},\"thumbnailUrl\":\"https:\/\/marcela.pt\/wp-content\/uploads\/2025\/03\/142d051c5e-SemTtulo-32_20180605.jpg\",\"articleSection\":[\"Propriedade\"],\"inLanguage\":\"pt-PT\"},{\"@type\":\"WebPage\",\"@id\":\"https:\/\/marcela.pt\/pt-pt\/news\/long-term-rental-investment-in-lagos\/\",\"url\":\"https:\/\/marcela.pt\/pt-pt\/news\/long-term-rental-investment-in-lagos\/\",\"name\":\"Investimento Imobili\u00e1rio no Concelho de Lagos - Marcela Real Estate\",\"isPartOf\":{\"@id\":\"https:\/\/marcela.pt\/pt-pt\/#website\"},\"primaryImageOfPage\":{\"@id\":\"https:\/\/marcela.pt\/pt-pt\/news\/long-term-rental-investment-in-lagos\/#primaryimage\"},\"image\":{\"@id\":\"https:\/\/marcela.pt\/pt-pt\/news\/long-term-rental-investment-in-lagos\/#primaryimage\"},\"thumbnailUrl\":\"https:\/\/marcela.pt\/wp-content\/uploads\/2025\/03\/142d051c5e-SemTtulo-32_20180605.jpg\",\"datePublished\":\"2025-03-31T09:59:25+00:00\",\"dateModified\":\"2025-05-27T14:22:58+00:00\",\"breadcrumb\":{\"@id\":\"https:\/\/marcela.pt\/pt-pt\/news\/long-term-rental-investment-in-lagos\/#breadcrumb\"},\"inLanguage\":\"pt-PT\",\"potentialAction\":[{\"@type\":\"ReadAction\",\"target\":[\"https:\/\/marcela.pt\/pt-pt\/news\/long-term-rental-investment-in-lagos\/\"]}]},{\"@type\":\"ImageObject\",\"inLanguage\":\"pt-PT\",\"@id\":\"https:\/\/marcela.pt\/pt-pt\/news\/long-term-rental-investment-in-lagos\/#primaryimage\",\"url\":\"https:\/\/marcela.pt\/wp-content\/uploads\/2025\/03\/142d051c5e-SemTtulo-32_20180605.jpg\",\"contentUrl\":\"https:\/\/marcela.pt\/wp-content\/uploads\/2025\/03\/142d051c5e-SemTtulo-32_20180605.jpg\",\"width\":1098,\"height\":703},{\"@type\":\"BreadcrumbList\",\"@id\":\"https:\/\/marcela.pt\/pt-pt\/news\/long-term-rental-investment-in-lagos\/#breadcrumb\",\"itemListElement\":[{\"@type\":\"ListItem\",\"position\":1,\"name\":\"Home\",\"item\":\"https:\/\/marcela.pt\/pt-pt\/\"},{\"@type\":\"ListItem\",\"position\":2,\"name\":\"Investimento Imobili\u00e1rio no Concelho de Lagos\"}]},{\"@type\":\"WebSite\",\"@id\":\"https:\/\/marcela.pt\/pt-pt\/#website\",\"url\":\"https:\/\/marcela.pt\/pt-pt\/\",\"name\":\"Marcela Real Estate\",\"description\":\"Ag\u00eancia imobili\u00e1ria em Lagos, Algarve\",\"publisher\":{\"@id\":\"https:\/\/marcela.pt\/pt-pt\/#organization\"},\"potentialAction\":[{\"@type\":\"SearchAction\",\"target\":{\"@type\":\"EntryPoint\",\"urlTemplate\":\"https:\/\/marcela.pt\/pt-pt\/?s={search_term_string}\"},\"query-input\":{\"@type\":\"PropertyValueSpecification\",\"valueRequired\":true,\"valueName\":\"search_term_string\"}}],\"inLanguage\":\"pt-PT\"},{\"@type\":\"Organization\",\"@id\":\"https:\/\/marcela.pt\/pt-pt\/#organization\",\"name\":\"Marcela Real Estate\",\"url\":\"https:\/\/marcela.pt\/pt-pt\/\",\"logo\":{\"@type\":\"ImageObject\",\"inLanguage\":\"pt-PT\",\"@id\":\"https:\/\/marcela.pt\/pt-pt\/#\/schema\/logo\/image\/\",\"url\":\"https:\/\/marcela.pt\/wp-content\/uploads\/2025\/03\/logo_white.svg\",\"contentUrl\":\"https:\/\/marcela.pt\/wp-content\/uploads\/2025\/03\/logo_white.svg\",\"caption\":\"Marcela Real Estate\"},\"image\":{\"@id\":\"https:\/\/marcela.pt\/pt-pt\/#\/schema\/logo\/image\/\"}},{\"@type\":\"Person\",\"@id\":\"https:\/\/marcela.pt\/pt-pt\/#\/schema\/person\/6f2c80b8925bc317e3ce5e1ddb89179f\",\"name\":\"Sara Sequeira\",\"image\":{\"@type\":\"ImageObject\",\"inLanguage\":\"pt-PT\",\"@id\":\"https:\/\/marcela.pt\/pt-pt\/#\/schema\/person\/image\/\",\"url\":\"https:\/\/secure.gravatar.com\/avatar\/32689de640197072754090168021719c031e8734972332faa28098429a5ce980?s=96&d=mm&r=g\",\"contentUrl\":\"https:\/\/secure.gravatar.com\/avatar\/32689de640197072754090168021719c031e8734972332faa28098429a5ce980?s=96&d=mm&r=g\",\"caption\":\"Sara Sequeira\"},\"url\":\"https:\/\/marcela.pt\/pt-pt\/author\/dengun_sara\/\"}]}<\/script>\n<!-- \/ Yoast SEO Premium plugin. -->","yoast_head_json":{"title":"Investimento Imobili\u00e1rio no Concelho de Lagos - Marcela Real Estate","robots":{"index":"index","follow":"follow","max-snippet":"max-snippet:-1","max-image-preview":"max-image-preview:large","max-video-preview":"max-video-preview:-1"},"canonical":"https:\/\/marcela.pt\/pt-pt\/news\/long-term-rental-investment-in-lagos\/","og_locale":"pt_PT","og_type":"article","og_title":"Investimento Imobili\u00e1rio no Concelho de Lagos","og_description":"O \u200bComparaj\u00e1.pt\u200b e a Marcela Propriedades juntaram-se para investigar a rentabilidade de um investimento num apartamento para arrendamento no concelho de Lagos, em Faro. \u00c0 semelhan\u00e7a do que acontece com a regi\u00e3o costeira do Algarve em geral, o mercado imobili\u00e1rio do concelho de Lagos tem-se revelado uma boa aposta para investidores imobili\u00e1rios. \u00c0 semelhan\u00e7a do ... Ler mais","og_url":"https:\/\/marcela.pt\/pt-pt\/news\/long-term-rental-investment-in-lagos\/","og_site_name":"Marcela Real Estate","article_published_time":"2025-03-31T09:59:25+00:00","article_modified_time":"2025-05-27T14:22:58+00:00","og_image":[{"width":1098,"height":703,"url":"https:\/\/marcela.pt\/wp-content\/uploads\/2025\/03\/142d051c5e-SemTtulo-32_20180605.jpg","type":"image\/jpeg"}],"author":"Sara Sequeira","twitter_card":"summary_large_image","twitter_misc":{"Escrito por":"Sara Sequeira","Tempo estimado de leitura":"6 minutos"},"schema":{"@context":"https:\/\/schema.org","@graph":[{"@type":"Article","@id":"https:\/\/marcela.pt\/pt-pt\/news\/long-term-rental-investment-in-lagos\/#article","isPartOf":{"@id":"https:\/\/marcela.pt\/pt-pt\/news\/long-term-rental-investment-in-lagos\/"},"author":{"name":"Sara Sequeira","@id":"https:\/\/marcela.pt\/pt-pt\/#\/schema\/person\/6f2c80b8925bc317e3ce5e1ddb89179f"},"headline":"Investimento Imobili\u00e1rio no Concelho de Lagos","datePublished":"2025-03-31T09:59:25+00:00","dateModified":"2025-05-27T14:22:58+00:00","mainEntityOfPage":{"@id":"https:\/\/marcela.pt\/pt-pt\/news\/long-term-rental-investment-in-lagos\/"},"wordCount":1117,"publisher":{"@id":"https:\/\/marcela.pt\/pt-pt\/#organization"},"image":{"@id":"https:\/\/marcela.pt\/pt-pt\/news\/long-term-rental-investment-in-lagos\/#primaryimage"},"thumbnailUrl":"https:\/\/marcela.pt\/wp-content\/uploads\/2025\/03\/142d051c5e-SemTtulo-32_20180605.jpg","articleSection":["Propriedade"],"inLanguage":"pt-PT"},{"@type":"WebPage","@id":"https:\/\/marcela.pt\/pt-pt\/news\/long-term-rental-investment-in-lagos\/","url":"https:\/\/marcela.pt\/pt-pt\/news\/long-term-rental-investment-in-lagos\/","name":"Investimento Imobili\u00e1rio no Concelho de Lagos - Marcela Real Estate","isPartOf":{"@id":"https:\/\/marcela.pt\/pt-pt\/#website"},"primaryImageOfPage":{"@id":"https:\/\/marcela.pt\/pt-pt\/news\/long-term-rental-investment-in-lagos\/#primaryimage"},"image":{"@id":"https:\/\/marcela.pt\/pt-pt\/news\/long-term-rental-investment-in-lagos\/#primaryimage"},"thumbnailUrl":"https:\/\/marcela.pt\/wp-content\/uploads\/2025\/03\/142d051c5e-SemTtulo-32_20180605.jpg","datePublished":"2025-03-31T09:59:25+00:00","dateModified":"2025-05-27T14:22:58+00:00","breadcrumb":{"@id":"https:\/\/marcela.pt\/pt-pt\/news\/long-term-rental-investment-in-lagos\/#breadcrumb"},"inLanguage":"pt-PT","potentialAction":[{"@type":"ReadAction","target":["https:\/\/marcela.pt\/pt-pt\/news\/long-term-rental-investment-in-lagos\/"]}]},{"@type":"ImageObject","inLanguage":"pt-PT","@id":"https:\/\/marcela.pt\/pt-pt\/news\/long-term-rental-investment-in-lagos\/#primaryimage","url":"https:\/\/marcela.pt\/wp-content\/uploads\/2025\/03\/142d051c5e-SemTtulo-32_20180605.jpg","contentUrl":"https:\/\/marcela.pt\/wp-content\/uploads\/2025\/03\/142d051c5e-SemTtulo-32_20180605.jpg","width":1098,"height":703},{"@type":"BreadcrumbList","@id":"https:\/\/marcela.pt\/pt-pt\/news\/long-term-rental-investment-in-lagos\/#breadcrumb","itemListElement":[{"@type":"ListItem","position":1,"name":"Home","item":"https:\/\/marcela.pt\/pt-pt\/"},{"@type":"ListItem","position":2,"name":"Investimento Imobili\u00e1rio no Concelho de Lagos"}]},{"@type":"WebSite","@id":"https:\/\/marcela.pt\/pt-pt\/#website","url":"https:\/\/marcela.pt\/pt-pt\/","name":"Marcela Real Estate","description":"Ag\u00eancia imobili\u00e1ria em Lagos, Algarve","publisher":{"@id":"https:\/\/marcela.pt\/pt-pt\/#organization"},"potentialAction":[{"@type":"SearchAction","target":{"@type":"EntryPoint","urlTemplate":"https:\/\/marcela.pt\/pt-pt\/?s={search_term_string}"},"query-input":{"@type":"PropertyValueSpecification","valueRequired":true,"valueName":"search_term_string"}}],"inLanguage":"pt-PT"},{"@type":"Organization","@id":"https:\/\/marcela.pt\/pt-pt\/#organization","name":"Marcela Real Estate","url":"https:\/\/marcela.pt\/pt-pt\/","logo":{"@type":"ImageObject","inLanguage":"pt-PT","@id":"https:\/\/marcela.pt\/pt-pt\/#\/schema\/logo\/image\/","url":"https:\/\/marcela.pt\/wp-content\/uploads\/2025\/03\/logo_white.svg","contentUrl":"https:\/\/marcela.pt\/wp-content\/uploads\/2025\/03\/logo_white.svg","caption":"Marcela Real Estate"},"image":{"@id":"https:\/\/marcela.pt\/pt-pt\/#\/schema\/logo\/image\/"}},{"@type":"Person","@id":"https:\/\/marcela.pt\/pt-pt\/#\/schema\/person\/6f2c80b8925bc317e3ce5e1ddb89179f","name":"Sara Sequeira","image":{"@type":"ImageObject","inLanguage":"pt-PT","@id":"https:\/\/marcela.pt\/pt-pt\/#\/schema\/person\/image\/","url":"https:\/\/secure.gravatar.com\/avatar\/32689de640197072754090168021719c031e8734972332faa28098429a5ce980?s=96&d=mm&r=g","contentUrl":"https:\/\/secure.gravatar.com\/avatar\/32689de640197072754090168021719c031e8734972332faa28098429a5ce980?s=96&d=mm&r=g","caption":"Sara Sequeira"},"url":"https:\/\/marcela.pt\/pt-pt\/author\/dengun_sara\/"}]}},"_links":{"self":[{"href":"https:\/\/marcela.pt\/pt-pt\/wp-json\/wp\/v2\/posts\/3831","targetHints":{"allow":["GET"]}}],"collection":[{"href":"https:\/\/marcela.pt\/pt-pt\/wp-json\/wp\/v2\/posts"}],"about":[{"href":"https:\/\/marcela.pt\/pt-pt\/wp-json\/wp\/v2\/types\/post"}],"author":[{"embeddable":true,"href":"https:\/\/marcela.pt\/pt-pt\/wp-json\/wp\/v2\/users\/5"}],"replies":[{"embeddable":true,"href":"https:\/\/marcela.pt\/pt-pt\/wp-json\/wp\/v2\/comments?post=3831"}],"version-history":[{"count":8,"href":"https:\/\/marcela.pt\/pt-pt\/wp-json\/wp\/v2\/posts\/3831\/revisions"}],"predecessor-version":[{"id":4856,"href":"https:\/\/marcela.pt\/pt-pt\/wp-json\/wp\/v2\/posts\/3831\/revisions\/4856"}],"wp:featuredmedia":[{"embeddable":true,"href":"https:\/\/marcela.pt\/pt-pt\/wp-json\/wp\/v2\/media\/2793"}],"wp:attachment":[{"href":"https:\/\/marcela.pt\/pt-pt\/wp-json\/wp\/v2\/media?parent=3831"}],"wp:term":[{"taxonomy":"category","embeddable":true,"href":"https:\/\/marcela.pt\/pt-pt\/wp-json\/wp\/v2\/categories?post=3831"},{"taxonomy":"post_tag","embeddable":true,"href":"https:\/\/marcela.pt\/pt-pt\/wp-json\/wp\/v2\/tags?post=3831"}],"curies":[{"name":"wp","href":"https:\/\/api.w.org\/{rel}","templated":true}]}}