{"id":3827,"date":"2025-03-31T10:01:29","date_gmt":"2025-03-31T10:01:29","guid":{"rendered":"https:\/\/marcela.pt\/news\/government-approves-imt-and-stamp-duty-for-young-people-up-to-35-years-old-on-first-home-purchase\/"},"modified":"2025-05-27T14:06:48","modified_gmt":"2025-05-27T14:06:48","slug":"governo-aprova-isencao-de-imt-e-imposto-do-selo-para-jovens-ate-35-anos-na-compra-da-primeira-casa","status":"publish","type":"post","link":"https:\/\/marcela.pt\/pt-pt\/noticias\/government-approves-imt-and-stamp-duty-for-young-people-up-to-35-years-old-on-first-home-purchase\/","title":{"rendered":"Governo Aprova Isen\u00e7\u00e3o de IMT e Imposto do Selo para Jovens at\u00e9 35 Anos na Compra da Primeira Casa"},"content":{"rendered":"\n<p>O parlamento aprovou recentemente a isen\u00e7\u00e3o do Imposto Municipal sobre Transmiss\u00f5es (IMT) e do Imposto do Selo para jovens at\u00e9 35 anos na compra da primeira habita\u00e7\u00e3o. A medida, proposta pelo Governo, visa facilitar o acesso \u00e0 habita\u00e7\u00e3o para os jovens e faz parte da &#8220;Nova Estrat\u00e9gia para a Habita\u00e7\u00e3o&#8221;.<\/p>\n\n\n\n<p><\/p>\n\n\n\n<p><strong>Detalhes da Medida<\/strong><\/p>\n\n\n\n<p>A isen\u00e7\u00e3o abrange im\u00f3veis com valor de at\u00e9 316.772 euros. Para im\u00f3veis entre 316.772 e 633.453 euros, aplica-se uma isen\u00e7\u00e3o parcial com uma taxa de 8% sobre a parcela excedente. As casas compradas com esta isen\u00e7\u00e3o n\u00e3o podem ser arrendadas ou utilizadas para atividades tur\u00edsticas nos primeiros seis anos, exceto em casos de venda do im\u00f3vel, mudan\u00e7a do local de trabalho para mais de 100 km de dist\u00e2ncia ou altera\u00e7\u00e3o no agregado familiar.<\/p>\n\n\n\n<p><strong>Impacto Financeiro<\/strong><\/p>\n\n\n\n<p>A medida prev\u00ea uma poupan\u00e7a significativa para os jovens compradores. Por exemplo, para uma casa de 200 mil euros, a poupan\u00e7a pode chegar a 5.578 euros. O Governo estima que esta medida ter\u00e1 um impacto financeiro de cerca de 100 milh\u00f5es de euros e compensar\u00e1 os munic\u00edpios pela perda de receita.<\/p>\n\n\n\n<p><strong>Controv\u00e9rsias e Cr\u00edticas<\/strong><\/p>\n\n\n\n<p>Apesar de aprovada com votos favor\u00e1veis de v\u00e1rios partidos, a medida enfrenta cr\u00edticas. Especialistas alertam que a isen\u00e7\u00e3o pode levar a um aumento dos pre\u00e7os das habita\u00e7\u00f5es devido \u00e0 maior procura, sem um aumento correspondente na oferta. Isso poderia anular os benef\u00edcios fiscais, fazendo com que os jovens acabem pagando mais pelas casas.<\/p>\n\n\n\n<p>data: 14\/06\/2024<\/p>\n","protected":false},"excerpt":{"rendered":"<p>O parlamento aprovou recentemente a isen\u00e7\u00e3o do Imposto Municipal sobre Transmiss\u00f5es (IMT) e do Imposto do Selo para jovens at\u00e9 35 anos na compra da primeira habita\u00e7\u00e3o. A medida, proposta pelo Governo, visa facilitar o acesso \u00e0 habita\u00e7\u00e3o para os jovens e faz parte da &#8220;Nova Estrat\u00e9gia para a Habita\u00e7\u00e3o&#8221;. Detalhes da Medida A isen\u00e7\u00e3o &#8230; <a title=\"Governo Aprova Isen\u00e7\u00e3o de IMT e Imposto do Selo para Jovens at\u00e9 35 Anos na Compra da Primeira Casa\" class=\"read-more\" href=\"https:\/\/marcela.pt\/pt-pt\/noticias\/government-approves-imt-and-stamp-duty-for-young-people-up-to-35-years-old-on-first-home-purchase\/\" aria-label=\"Leia mais sobre Governo Aprova Isen\u00e7\u00e3o de IMT e Imposto do Selo para Jovens at\u00e9 35 Anos na Compra da Primeira Casa\">Ler mais<\/a><\/p>\n","protected":false},"author":5,"featured_media":2797,"comment_status":"closed","ping_status":"closed","sticky":false,"template":"","format":"standard","meta":{"_acf_changed":false,"footnotes":""},"categories":[51],"tags":[],"class_list":["post-3827","post","type-post","status-publish","format-standard","has-post-thumbnail","hentry","category-financiamento","generate-columns","tablet-grid-50","mobile-grid-100","grid-parent","grid-33"],"acf":[],"yoast_head":"<!-- This site is optimized with the Yoast SEO Premium plugin v25.1 (Yoast SEO v25.1) - https:\/\/yoast.com\/wordpress\/plugins\/seo\/ -->\n<title>Governo Aprova Isen\u00e7\u00e3o de IMT e Imposto do Selo para Jovens at\u00e9 35 Anos na Compra da Primeira Casa - Marcela Real Estate<\/title>\n<meta name=\"robots\" content=\"index, follow, max-snippet:-1, max-image-preview:large, max-video-preview:-1\" \/>\n<link rel=\"canonical\" href=\"https:\/\/marcela.pt\/pt-pt\/noticias\/government-approves-imt-and-stamp-duty-for-young-people-up-to-35-years-old-on-first-home-purchase\/\" \/>\n<meta property=\"og:locale\" content=\"pt_PT\" \/>\n<meta property=\"og:type\" content=\"article\" \/>\n<meta property=\"og:title\" content=\"Governo Aprova Isen\u00e7\u00e3o de IMT e Imposto do Selo para Jovens at\u00e9 35 Anos na Compra da Primeira Casa\" \/>\n<meta property=\"og:description\" content=\"O parlamento aprovou recentemente a isen\u00e7\u00e3o do Imposto Municipal sobre Transmiss\u00f5es (IMT) e do Imposto do Selo para jovens at\u00e9 35 anos na compra da primeira habita\u00e7\u00e3o. A medida, proposta pelo Governo, visa facilitar o acesso \u00e0 habita\u00e7\u00e3o para os jovens e faz parte da &#8220;Nova Estrat\u00e9gia para a Habita\u00e7\u00e3o&#8221;. Detalhes da Medida A isen\u00e7\u00e3o ... Ler mais\" \/>\n<meta property=\"og:url\" content=\"https:\/\/marcela.pt\/pt-pt\/noticias\/government-approves-imt-and-stamp-duty-for-young-people-up-to-35-years-old-on-first-home-purchase\/\" \/>\n<meta property=\"og:site_name\" content=\"Marcela Real Estate\" \/>\n<meta property=\"article:published_time\" content=\"2025-03-31T10:01:29+00:00\" \/>\n<meta property=\"article:modified_time\" content=\"2025-05-27T14:06:48+00:00\" \/>\n<meta property=\"og:image\" content=\"https:\/\/marcela.pt\/wp-content\/uploads\/2025\/03\/142d051c5e-1718379031_0-scaled.jpg\" \/>\n\t<meta property=\"og:image:width\" content=\"2560\" \/>\n\t<meta property=\"og:image:height\" content=\"1707\" \/>\n\t<meta property=\"og:image:type\" content=\"image\/jpeg\" \/>\n<meta name=\"author\" content=\"Sara Sequeira\" \/>\n<meta name=\"twitter:card\" content=\"summary_large_image\" \/>\n<meta name=\"twitter:label1\" content=\"Escrito por\" \/>\n\t<meta name=\"twitter:data1\" content=\"Sara Sequeira\" \/>\n\t<meta name=\"twitter:label2\" content=\"Tempo estimado de leitura\" \/>\n\t<meta name=\"twitter:data2\" content=\"2 minutos\" \/>\n<script type=\"application\/ld+json\" class=\"yoast-schema-graph\">{\"@context\":\"https:\/\/schema.org\",\"@graph\":[{\"@type\":\"Article\",\"@id\":\"https:\/\/marcela.pt\/pt-pt\/noticias\/government-approves-imt-and-stamp-duty-for-young-people-up-to-35-years-old-on-first-home-purchase\/#article\",\"isPartOf\":{\"@id\":\"https:\/\/marcela.pt\/pt-pt\/noticias\/government-approves-imt-and-stamp-duty-for-young-people-up-to-35-years-old-on-first-home-purchase\/\"},\"author\":{\"name\":\"Sara Sequeira\",\"@id\":\"https:\/\/marcela.pt\/pt-pt\/#\/schema\/person\/6f2c80b8925bc317e3ce5e1ddb89179f\"},\"headline\":\"Governo Aprova Isen\u00e7\u00e3o de IMT e Imposto do Selo para Jovens at\u00e9 35 Anos na Compra da Primeira Casa\",\"datePublished\":\"2025-03-31T10:01:29+00:00\",\"dateModified\":\"2025-05-27T14:06:48+00:00\",\"mainEntityOfPage\":{\"@id\":\"https:\/\/marcela.pt\/pt-pt\/noticias\/government-approves-imt-and-stamp-duty-for-young-people-up-to-35-years-old-on-first-home-purchase\/\"},\"wordCount\":274,\"publisher\":{\"@id\":\"https:\/\/marcela.pt\/pt-pt\/#organization\"},\"image\":{\"@id\":\"https:\/\/marcela.pt\/pt-pt\/noticias\/government-approves-imt-and-stamp-duty-for-young-people-up-to-35-years-old-on-first-home-purchase\/#primaryimage\"},\"thumbnailUrl\":\"https:\/\/marcela.pt\/wp-content\/uploads\/2025\/03\/142d051c5e-1718379031_0-scaled.jpg\",\"articleSection\":[\"Financiamento\"],\"inLanguage\":\"pt-PT\"},{\"@type\":\"WebPage\",\"@id\":\"https:\/\/marcela.pt\/pt-pt\/noticias\/government-approves-imt-and-stamp-duty-for-young-people-up-to-35-years-old-on-first-home-purchase\/\",\"url\":\"https:\/\/marcela.pt\/pt-pt\/noticias\/government-approves-imt-and-stamp-duty-for-young-people-up-to-35-years-old-on-first-home-purchase\/\",\"name\":\"Governo Aprova Isen\u00e7\u00e3o de IMT e Imposto do Selo para Jovens at\u00e9 35 Anos na Compra da Primeira Casa - Marcela Real Estate\",\"isPartOf\":{\"@id\":\"https:\/\/marcela.pt\/pt-pt\/#website\"},\"primaryImageOfPage\":{\"@id\":\"https:\/\/marcela.pt\/pt-pt\/noticias\/government-approves-imt-and-stamp-duty-for-young-people-up-to-35-years-old-on-first-home-purchase\/#primaryimage\"},\"image\":{\"@id\":\"https:\/\/marcela.pt\/pt-pt\/noticias\/government-approves-imt-and-stamp-duty-for-young-people-up-to-35-years-old-on-first-home-purchase\/#primaryimage\"},\"thumbnailUrl\":\"https:\/\/marcela.pt\/wp-content\/uploads\/2025\/03\/142d051c5e-1718379031_0-scaled.jpg\",\"datePublished\":\"2025-03-31T10:01:29+00:00\",\"dateModified\":\"2025-05-27T14:06:48+00:00\",\"breadcrumb\":{\"@id\":\"https:\/\/marcela.pt\/pt-pt\/noticias\/government-approves-imt-and-stamp-duty-for-young-people-up-to-35-years-old-on-first-home-purchase\/#breadcrumb\"},\"inLanguage\":\"pt-PT\",\"potentialAction\":[{\"@type\":\"ReadAction\",\"target\":[\"https:\/\/marcela.pt\/pt-pt\/noticias\/government-approves-imt-and-stamp-duty-for-young-people-up-to-35-years-old-on-first-home-purchase\/\"]}]},{\"@type\":\"ImageObject\",\"inLanguage\":\"pt-PT\",\"@id\":\"https:\/\/marcela.pt\/pt-pt\/noticias\/government-approves-imt-and-stamp-duty-for-young-people-up-to-35-years-old-on-first-home-purchase\/#primaryimage\",\"url\":\"https:\/\/marcela.pt\/wp-content\/uploads\/2025\/03\/142d051c5e-1718379031_0-scaled.jpg\",\"contentUrl\":\"https:\/\/marcela.pt\/wp-content\/uploads\/2025\/03\/142d051c5e-1718379031_0-scaled.jpg\",\"width\":2560,\"height\":1707},{\"@type\":\"BreadcrumbList\",\"@id\":\"https:\/\/marcela.pt\/pt-pt\/noticias\/government-approves-imt-and-stamp-duty-for-young-people-up-to-35-years-old-on-first-home-purchase\/#breadcrumb\",\"itemListElement\":[{\"@type\":\"ListItem\",\"position\":1,\"name\":\"Home\",\"item\":\"https:\/\/marcela.pt\/pt-pt\/\"},{\"@type\":\"ListItem\",\"position\":2,\"name\":\"Governo Aprova Isen\u00e7\u00e3o de IMT e Imposto do Selo para Jovens at\u00e9 35 Anos na Compra da Primeira Casa\"}]},{\"@type\":\"WebSite\",\"@id\":\"https:\/\/marcela.pt\/pt-pt\/#website\",\"url\":\"https:\/\/marcela.pt\/pt-pt\/\",\"name\":\"Marcela Real Estate\",\"description\":\"Ag\u00eancia imobili\u00e1ria em Lagos, Algarve\",\"publisher\":{\"@id\":\"https:\/\/marcela.pt\/pt-pt\/#organization\"},\"potentialAction\":[{\"@type\":\"SearchAction\",\"target\":{\"@type\":\"EntryPoint\",\"urlTemplate\":\"https:\/\/marcela.pt\/pt-pt\/?s={search_term_string}\"},\"query-input\":{\"@type\":\"PropertyValueSpecification\",\"valueRequired\":true,\"valueName\":\"search_term_string\"}}],\"inLanguage\":\"pt-PT\"},{\"@type\":\"Organization\",\"@id\":\"https:\/\/marcela.pt\/pt-pt\/#organization\",\"name\":\"Marcela Real Estate\",\"url\":\"https:\/\/marcela.pt\/pt-pt\/\",\"logo\":{\"@type\":\"ImageObject\",\"inLanguage\":\"pt-PT\",\"@id\":\"https:\/\/marcela.pt\/pt-pt\/#\/schema\/logo\/image\/\",\"url\":\"https:\/\/marcela.pt\/wp-content\/uploads\/2025\/03\/logo_white.svg\",\"contentUrl\":\"https:\/\/marcela.pt\/wp-content\/uploads\/2025\/03\/logo_white.svg\",\"caption\":\"Marcela Real Estate\"},\"image\":{\"@id\":\"https:\/\/marcela.pt\/pt-pt\/#\/schema\/logo\/image\/\"}},{\"@type\":\"Person\",\"@id\":\"https:\/\/marcela.pt\/pt-pt\/#\/schema\/person\/6f2c80b8925bc317e3ce5e1ddb89179f\",\"name\":\"Sara Sequeira\",\"image\":{\"@type\":\"ImageObject\",\"inLanguage\":\"pt-PT\",\"@id\":\"https:\/\/marcela.pt\/pt-pt\/#\/schema\/person\/image\/\",\"url\":\"https:\/\/secure.gravatar.com\/avatar\/32689de640197072754090168021719c031e8734972332faa28098429a5ce980?s=96&d=mm&r=g\",\"contentUrl\":\"https:\/\/secure.gravatar.com\/avatar\/32689de640197072754090168021719c031e8734972332faa28098429a5ce980?s=96&d=mm&r=g\",\"caption\":\"Sara Sequeira\"},\"url\":\"https:\/\/marcela.pt\/pt-pt\/author\/dengun_sara\/\"}]}<\/script>\n<!-- \/ Yoast SEO Premium plugin. -->","yoast_head_json":{"title":"Governo Aprova Isen\u00e7\u00e3o de IMT e Imposto do Selo para Jovens at\u00e9 35 Anos na Compra da Primeira Casa - Marcela Real Estate","robots":{"index":"index","follow":"follow","max-snippet":"max-snippet:-1","max-image-preview":"max-image-preview:large","max-video-preview":"max-video-preview:-1"},"canonical":"https:\/\/marcela.pt\/pt-pt\/noticias\/government-approves-imt-and-stamp-duty-for-young-people-up-to-35-years-old-on-first-home-purchase\/","og_locale":"pt_PT","og_type":"article","og_title":"Governo Aprova Isen\u00e7\u00e3o de IMT e Imposto do Selo para Jovens at\u00e9 35 Anos na Compra da Primeira Casa","og_description":"O parlamento aprovou recentemente a isen\u00e7\u00e3o do Imposto Municipal sobre Transmiss\u00f5es (IMT) e do Imposto do Selo para jovens at\u00e9 35 anos na compra da primeira habita\u00e7\u00e3o. A medida, proposta pelo Governo, visa facilitar o acesso \u00e0 habita\u00e7\u00e3o para os jovens e faz parte da &#8220;Nova Estrat\u00e9gia para a Habita\u00e7\u00e3o&#8221;. Detalhes da Medida A isen\u00e7\u00e3o ... Ler mais","og_url":"https:\/\/marcela.pt\/pt-pt\/noticias\/government-approves-imt-and-stamp-duty-for-young-people-up-to-35-years-old-on-first-home-purchase\/","og_site_name":"Marcela Real Estate","article_published_time":"2025-03-31T10:01:29+00:00","article_modified_time":"2025-05-27T14:06:48+00:00","og_image":[{"width":2560,"height":1707,"url":"https:\/\/marcela.pt\/wp-content\/uploads\/2025\/03\/142d051c5e-1718379031_0-scaled.jpg","type":"image\/jpeg"}],"author":"Sara Sequeira","twitter_card":"summary_large_image","twitter_misc":{"Escrito por":"Sara Sequeira","Tempo estimado de leitura":"2 minutos"},"schema":{"@context":"https:\/\/schema.org","@graph":[{"@type":"Article","@id":"https:\/\/marcela.pt\/pt-pt\/noticias\/government-approves-imt-and-stamp-duty-for-young-people-up-to-35-years-old-on-first-home-purchase\/#article","isPartOf":{"@id":"https:\/\/marcela.pt\/pt-pt\/noticias\/government-approves-imt-and-stamp-duty-for-young-people-up-to-35-years-old-on-first-home-purchase\/"},"author":{"name":"Sara Sequeira","@id":"https:\/\/marcela.pt\/pt-pt\/#\/schema\/person\/6f2c80b8925bc317e3ce5e1ddb89179f"},"headline":"Governo Aprova Isen\u00e7\u00e3o de IMT e Imposto do Selo para Jovens at\u00e9 35 Anos na Compra da Primeira Casa","datePublished":"2025-03-31T10:01:29+00:00","dateModified":"2025-05-27T14:06:48+00:00","mainEntityOfPage":{"@id":"https:\/\/marcela.pt\/pt-pt\/noticias\/government-approves-imt-and-stamp-duty-for-young-people-up-to-35-years-old-on-first-home-purchase\/"},"wordCount":274,"publisher":{"@id":"https:\/\/marcela.pt\/pt-pt\/#organization"},"image":{"@id":"https:\/\/marcela.pt\/pt-pt\/noticias\/government-approves-imt-and-stamp-duty-for-young-people-up-to-35-years-old-on-first-home-purchase\/#primaryimage"},"thumbnailUrl":"https:\/\/marcela.pt\/wp-content\/uploads\/2025\/03\/142d051c5e-1718379031_0-scaled.jpg","articleSection":["Financiamento"],"inLanguage":"pt-PT"},{"@type":"WebPage","@id":"https:\/\/marcela.pt\/pt-pt\/noticias\/government-approves-imt-and-stamp-duty-for-young-people-up-to-35-years-old-on-first-home-purchase\/","url":"https:\/\/marcela.pt\/pt-pt\/noticias\/government-approves-imt-and-stamp-duty-for-young-people-up-to-35-years-old-on-first-home-purchase\/","name":"Governo Aprova Isen\u00e7\u00e3o de IMT e Imposto do Selo para Jovens at\u00e9 35 Anos na Compra da Primeira Casa - Marcela Real Estate","isPartOf":{"@id":"https:\/\/marcela.pt\/pt-pt\/#website"},"primaryImageOfPage":{"@id":"https:\/\/marcela.pt\/pt-pt\/noticias\/government-approves-imt-and-stamp-duty-for-young-people-up-to-35-years-old-on-first-home-purchase\/#primaryimage"},"image":{"@id":"https:\/\/marcela.pt\/pt-pt\/noticias\/government-approves-imt-and-stamp-duty-for-young-people-up-to-35-years-old-on-first-home-purchase\/#primaryimage"},"thumbnailUrl":"https:\/\/marcela.pt\/wp-content\/uploads\/2025\/03\/142d051c5e-1718379031_0-scaled.jpg","datePublished":"2025-03-31T10:01:29+00:00","dateModified":"2025-05-27T14:06:48+00:00","breadcrumb":{"@id":"https:\/\/marcela.pt\/pt-pt\/noticias\/government-approves-imt-and-stamp-duty-for-young-people-up-to-35-years-old-on-first-home-purchase\/#breadcrumb"},"inLanguage":"pt-PT","potentialAction":[{"@type":"ReadAction","target":["https:\/\/marcela.pt\/pt-pt\/noticias\/government-approves-imt-and-stamp-duty-for-young-people-up-to-35-years-old-on-first-home-purchase\/"]}]},{"@type":"ImageObject","inLanguage":"pt-PT","@id":"https:\/\/marcela.pt\/pt-pt\/noticias\/government-approves-imt-and-stamp-duty-for-young-people-up-to-35-years-old-on-first-home-purchase\/#primaryimage","url":"https:\/\/marcela.pt\/wp-content\/uploads\/2025\/03\/142d051c5e-1718379031_0-scaled.jpg","contentUrl":"https:\/\/marcela.pt\/wp-content\/uploads\/2025\/03\/142d051c5e-1718379031_0-scaled.jpg","width":2560,"height":1707},{"@type":"BreadcrumbList","@id":"https:\/\/marcela.pt\/pt-pt\/noticias\/government-approves-imt-and-stamp-duty-for-young-people-up-to-35-years-old-on-first-home-purchase\/#breadcrumb","itemListElement":[{"@type":"ListItem","position":1,"name":"Home","item":"https:\/\/marcela.pt\/pt-pt\/"},{"@type":"ListItem","position":2,"name":"Governo Aprova Isen\u00e7\u00e3o de IMT e Imposto do Selo para Jovens at\u00e9 35 Anos na Compra da Primeira Casa"}]},{"@type":"WebSite","@id":"https:\/\/marcela.pt\/pt-pt\/#website","url":"https:\/\/marcela.pt\/pt-pt\/","name":"Marcela Real Estate","description":"Ag\u00eancia imobili\u00e1ria em Lagos, Algarve","publisher":{"@id":"https:\/\/marcela.pt\/pt-pt\/#organization"},"potentialAction":[{"@type":"SearchAction","target":{"@type":"EntryPoint","urlTemplate":"https:\/\/marcela.pt\/pt-pt\/?s={search_term_string}"},"query-input":{"@type":"PropertyValueSpecification","valueRequired":true,"valueName":"search_term_string"}}],"inLanguage":"pt-PT"},{"@type":"Organization","@id":"https:\/\/marcela.pt\/pt-pt\/#organization","name":"Marcela Real Estate","url":"https:\/\/marcela.pt\/pt-pt\/","logo":{"@type":"ImageObject","inLanguage":"pt-PT","@id":"https:\/\/marcela.pt\/pt-pt\/#\/schema\/logo\/image\/","url":"https:\/\/marcela.pt\/wp-content\/uploads\/2025\/03\/logo_white.svg","contentUrl":"https:\/\/marcela.pt\/wp-content\/uploads\/2025\/03\/logo_white.svg","caption":"Marcela Real Estate"},"image":{"@id":"https:\/\/marcela.pt\/pt-pt\/#\/schema\/logo\/image\/"}},{"@type":"Person","@id":"https:\/\/marcela.pt\/pt-pt\/#\/schema\/person\/6f2c80b8925bc317e3ce5e1ddb89179f","name":"Sara Sequeira","image":{"@type":"ImageObject","inLanguage":"pt-PT","@id":"https:\/\/marcela.pt\/pt-pt\/#\/schema\/person\/image\/","url":"https:\/\/secure.gravatar.com\/avatar\/32689de640197072754090168021719c031e8734972332faa28098429a5ce980?s=96&d=mm&r=g","contentUrl":"https:\/\/secure.gravatar.com\/avatar\/32689de640197072754090168021719c031e8734972332faa28098429a5ce980?s=96&d=mm&r=g","caption":"Sara Sequeira"},"url":"https:\/\/marcela.pt\/pt-pt\/author\/dengun_sara\/"}]}},"_links":{"self":[{"href":"https:\/\/marcela.pt\/pt-pt\/wp-json\/wp\/v2\/posts\/3827","targetHints":{"allow":["GET"]}}],"collection":[{"href":"https:\/\/marcela.pt\/pt-pt\/wp-json\/wp\/v2\/posts"}],"about":[{"href":"https:\/\/marcela.pt\/pt-pt\/wp-json\/wp\/v2\/types\/post"}],"author":[{"embeddable":true,"href":"https:\/\/marcela.pt\/pt-pt\/wp-json\/wp\/v2\/users\/5"}],"replies":[{"embeddable":true,"href":"https:\/\/marcela.pt\/pt-pt\/wp-json\/wp\/v2\/comments?post=3827"}],"version-history":[{"count":2,"href":"https:\/\/marcela.pt\/pt-pt\/wp-json\/wp\/v2\/posts\/3827\/revisions"}],"predecessor-version":[{"id":4821,"href":"https:\/\/marcela.pt\/pt-pt\/wp-json\/wp\/v2\/posts\/3827\/revisions\/4821"}],"wp:featuredmedia":[{"embeddable":true,"href":"https:\/\/marcela.pt\/pt-pt\/wp-json\/wp\/v2\/media\/2797"}],"wp:attachment":[{"href":"https:\/\/marcela.pt\/pt-pt\/wp-json\/wp\/v2\/media?parent=3827"}],"wp:term":[{"taxonomy":"category","embeddable":true,"href":"https:\/\/marcela.pt\/pt-pt\/wp-json\/wp\/v2\/categories?post=3827"},{"taxonomy":"post_tag","embeddable":true,"href":"https:\/\/marcela.pt\/pt-pt\/wp-json\/wp\/v2\/tags?post=3827"}],"curies":[{"name":"wp","href":"https:\/\/api.w.org\/{rel}","templated":true}]}}