{"id":3807,"date":"2025-03-31T10:12:25","date_gmt":"2025-03-31T10:12:25","guid":{"rendered":"https:\/\/marcela.pt\/news\/non-resident-portugal-buy-in-portugal-live-algarve\/"},"modified":"2025-05-27T12:04:57","modified_gmt":"2025-05-27T12:04:57","slug":"residentes-nao-habituais","status":"publish","type":"post","link":"https:\/\/marcela.pt\/pt-pt\/noticias\/non-resident-portugal-buy-in-portugal-live-algarve\/","title":{"rendered":"Residentes N\u00e3o Habituais"},"content":{"rendered":"\n<p>Com base num regime fiscal vantajoso, em sede de IRS, pretende-se atrair, para Portugal, cidad\u00e3os n\u00e3o residentes, profissionais de actividades de elevado valor acrescentado, bem como indiv\u00edduos com um elevado patrim\u00f3nio ou poder de compra;<br><br><\/p>\n\n\n\n<p>Com base num regime fiscal vantajoso, em sede de IRS, pretende-se atrair, para Portugal, cidad\u00e3os n\u00e3o residentes, profissionais de actividades de elevado valor acrescentado, bem como indiv\u00edduos com um elevado patrim\u00f3nio ou poder de compra;<br>Esta atrac\u00e7\u00e3o assenta na aplica\u00e7\u00e3o do m\u00e9todo de insen\u00e7\u00e3o como m\u00e9todo privilegiado de elimina\u00e7\u00e3o da dupla tributa\u00e7\u00e3o jur\u00eddica internacional dos rendimentos de fonte externa e na aplica\u00e7\u00e3o de uma taxa especial de 20% (tributa\u00e7\u00e3o mitigada e proporcional) a determinados rendimentos.<\/p>\n\n\n\n<p><br>DESTINAT\u00c1RIOS<\/p>\n\n\n\n<p>N\u00e3o residentes em Portugal que se disponham a estabelecer domic\u00edlio permanente em Portugal ou que queiram regressar ap\u00f3s um per\u00edodo m\u00ednimo de aus\u00eancia de 5 anos (ex. profissionais independentes, reformados e pensionistas, trabalhadores dependentes).<br>Ou ainda, os n\u00e3o residentes que pretendam fixar-se como residentes tempor\u00e1rios fruto de rela\u00e7\u00f5es de destacamento ( ex. profissionais independentes, trabalhadores dependentes, membros dos \u00f3rg\u00e3os estatut\u00e1rios).<\/p>\n\n\n\n<p>Selecione <a href=\"https:\/\/marcela.pt\/pt-pt\/propriedades\/\">aqui <\/a>o seu im\u00f3vel e entre em contacto connosco. Teremos todo o gosto em ajud\u00e1-lo!<\/p>\n\n\n\n<p><\/p>\n","protected":false},"excerpt":{"rendered":"<p>Com base num regime fiscal vantajoso, em sede de IRS, pretende-se atrair, para Portugal, cidad\u00e3os n\u00e3o residentes, profissionais de actividades de elevado valor acrescentado, bem como indiv\u00edduos com um elevado patrim\u00f3nio ou poder de compra; Com base num regime fiscal vantajoso, em sede de IRS, pretende-se atrair, para Portugal, cidad\u00e3os n\u00e3o residentes, profissionais de actividades &#8230; <a title=\"Residentes N\u00e3o Habituais\" class=\"read-more\" href=\"https:\/\/marcela.pt\/pt-pt\/noticias\/non-resident-portugal-buy-in-portugal-live-algarve\/\" aria-label=\"Leia mais sobre Residentes N\u00e3o Habituais\">Ler mais<\/a><\/p>\n","protected":false},"author":5,"featured_media":2825,"comment_status":"closed","ping_status":"closed","sticky":false,"template":"","format":"standard","meta":{"_acf_changed":false,"footnotes":""},"categories":[51],"tags":[],"class_list":["post-3807","post","type-post","status-publish","format-standard","has-post-thumbnail","hentry","category-financiamento","generate-columns","tablet-grid-50","mobile-grid-100","grid-parent","grid-33"],"acf":[],"yoast_head":"<!-- This site is optimized with the Yoast SEO Premium plugin v25.1 (Yoast SEO v25.1) - https:\/\/yoast.com\/wordpress\/plugins\/seo\/ -->\n<title>Residentes N\u00e3o Habituais - Marcela Real Estate<\/title>\n<meta name=\"robots\" content=\"index, follow, max-snippet:-1, max-image-preview:large, max-video-preview:-1\" \/>\n<link rel=\"canonical\" href=\"https:\/\/marcela.pt\/pt-pt\/noticias\/non-resident-portugal-buy-in-portugal-live-algarve\/\" \/>\n<meta property=\"og:locale\" content=\"pt_PT\" \/>\n<meta property=\"og:type\" content=\"article\" \/>\n<meta property=\"og:title\" content=\"Residentes N\u00e3o Habituais\" \/>\n<meta property=\"og:description\" content=\"Com base num regime fiscal vantajoso, em sede de IRS, pretende-se atrair, para Portugal, cidad\u00e3os n\u00e3o residentes, profissionais de actividades de elevado valor acrescentado, bem como indiv\u00edduos com um elevado patrim\u00f3nio ou poder de compra; Com base num regime fiscal vantajoso, em sede de IRS, pretende-se atrair, para Portugal, cidad\u00e3os n\u00e3o residentes, profissionais de actividades ... Ler mais\" \/>\n<meta property=\"og:url\" content=\"https:\/\/marcela.pt\/pt-pt\/noticias\/non-resident-portugal-buy-in-portugal-live-algarve\/\" \/>\n<meta property=\"og:site_name\" content=\"Marcela Real Estate\" \/>\n<meta property=\"article:published_time\" content=\"2025-03-31T10:12:25+00:00\" \/>\n<meta property=\"article:modified_time\" content=\"2025-05-27T12:04:57+00:00\" \/>\n<meta property=\"og:image\" content=\"https:\/\/marcela.pt\/wp-content\/uploads\/2025\/03\/454af7c7b4-imagem7.jpg\" \/>\n\t<meta property=\"og:image:width\" content=\"825\" \/>\n\t<meta property=\"og:image:height\" content=\"500\" \/>\n\t<meta property=\"og:image:type\" content=\"image\/jpeg\" \/>\n<meta name=\"author\" content=\"Sara Sequeira\" \/>\n<meta name=\"twitter:card\" content=\"summary_large_image\" \/>\n<meta name=\"twitter:label1\" content=\"Escrito por\" \/>\n\t<meta name=\"twitter:data1\" content=\"Sara Sequeira\" \/>\n\t<meta name=\"twitter:label2\" content=\"Tempo estimado de leitura\" \/>\n\t<meta name=\"twitter:data2\" content=\"2 minutos\" \/>\n<script type=\"application\/ld+json\" class=\"yoast-schema-graph\">{\"@context\":\"https:\/\/schema.org\",\"@graph\":[{\"@type\":\"Article\",\"@id\":\"https:\/\/marcela.pt\/pt-pt\/noticias\/non-resident-portugal-buy-in-portugal-live-algarve\/#article\",\"isPartOf\":{\"@id\":\"https:\/\/marcela.pt\/pt-pt\/noticias\/non-resident-portugal-buy-in-portugal-live-algarve\/\"},\"author\":{\"name\":\"Sara Sequeira\",\"@id\":\"https:\/\/marcela.pt\/pt-pt\/#\/schema\/person\/6f2c80b8925bc317e3ce5e1ddb89179f\"},\"headline\":\"Residentes N\u00e3o Habituais\",\"datePublished\":\"2025-03-31T10:12:25+00:00\",\"dateModified\":\"2025-05-27T12:04:57+00:00\",\"mainEntityOfPage\":{\"@id\":\"https:\/\/marcela.pt\/pt-pt\/noticias\/non-resident-portugal-buy-in-portugal-live-algarve\/\"},\"wordCount\":220,\"publisher\":{\"@id\":\"https:\/\/marcela.pt\/pt-pt\/#organization\"},\"image\":{\"@id\":\"https:\/\/marcela.pt\/pt-pt\/noticias\/non-resident-portugal-buy-in-portugal-live-algarve\/#primaryimage\"},\"thumbnailUrl\":\"https:\/\/marcela.pt\/wp-content\/uploads\/2025\/03\/454af7c7b4-imagem7.jpg\",\"articleSection\":[\"Financiamento\"],\"inLanguage\":\"pt-PT\"},{\"@type\":\"WebPage\",\"@id\":\"https:\/\/marcela.pt\/pt-pt\/noticias\/non-resident-portugal-buy-in-portugal-live-algarve\/\",\"url\":\"https:\/\/marcela.pt\/pt-pt\/noticias\/non-resident-portugal-buy-in-portugal-live-algarve\/\",\"name\":\"Residentes N\u00e3o Habituais - Marcela Real Estate\",\"isPartOf\":{\"@id\":\"https:\/\/marcela.pt\/pt-pt\/#website\"},\"primaryImageOfPage\":{\"@id\":\"https:\/\/marcela.pt\/pt-pt\/noticias\/non-resident-portugal-buy-in-portugal-live-algarve\/#primaryimage\"},\"image\":{\"@id\":\"https:\/\/marcela.pt\/pt-pt\/noticias\/non-resident-portugal-buy-in-portugal-live-algarve\/#primaryimage\"},\"thumbnailUrl\":\"https:\/\/marcela.pt\/wp-content\/uploads\/2025\/03\/454af7c7b4-imagem7.jpg\",\"datePublished\":\"2025-03-31T10:12:25+00:00\",\"dateModified\":\"2025-05-27T12:04:57+00:00\",\"breadcrumb\":{\"@id\":\"https:\/\/marcela.pt\/pt-pt\/noticias\/non-resident-portugal-buy-in-portugal-live-algarve\/#breadcrumb\"},\"inLanguage\":\"pt-PT\",\"potentialAction\":[{\"@type\":\"ReadAction\",\"target\":[\"https:\/\/marcela.pt\/pt-pt\/noticias\/non-resident-portugal-buy-in-portugal-live-algarve\/\"]}]},{\"@type\":\"ImageObject\",\"inLanguage\":\"pt-PT\",\"@id\":\"https:\/\/marcela.pt\/pt-pt\/noticias\/non-resident-portugal-buy-in-portugal-live-algarve\/#primaryimage\",\"url\":\"https:\/\/marcela.pt\/wp-content\/uploads\/2025\/03\/454af7c7b4-imagem7.jpg\",\"contentUrl\":\"https:\/\/marcela.pt\/wp-content\/uploads\/2025\/03\/454af7c7b4-imagem7.jpg\",\"width\":825,\"height\":500},{\"@type\":\"BreadcrumbList\",\"@id\":\"https:\/\/marcela.pt\/pt-pt\/noticias\/non-resident-portugal-buy-in-portugal-live-algarve\/#breadcrumb\",\"itemListElement\":[{\"@type\":\"ListItem\",\"position\":1,\"name\":\"Home\",\"item\":\"https:\/\/marcela.pt\/pt-pt\/\"},{\"@type\":\"ListItem\",\"position\":2,\"name\":\"Residentes N\u00e3o Habituais\"}]},{\"@type\":\"WebSite\",\"@id\":\"https:\/\/marcela.pt\/pt-pt\/#website\",\"url\":\"https:\/\/marcela.pt\/pt-pt\/\",\"name\":\"Marcela Real Estate\",\"description\":\"Ag\u00eancia imobili\u00e1ria em Lagos, Algarve\",\"publisher\":{\"@id\":\"https:\/\/marcela.pt\/pt-pt\/#organization\"},\"potentialAction\":[{\"@type\":\"SearchAction\",\"target\":{\"@type\":\"EntryPoint\",\"urlTemplate\":\"https:\/\/marcela.pt\/pt-pt\/?s={search_term_string}\"},\"query-input\":{\"@type\":\"PropertyValueSpecification\",\"valueRequired\":true,\"valueName\":\"search_term_string\"}}],\"inLanguage\":\"pt-PT\"},{\"@type\":\"Organization\",\"@id\":\"https:\/\/marcela.pt\/pt-pt\/#organization\",\"name\":\"Marcela Real Estate\",\"url\":\"https:\/\/marcela.pt\/pt-pt\/\",\"logo\":{\"@type\":\"ImageObject\",\"inLanguage\":\"pt-PT\",\"@id\":\"https:\/\/marcela.pt\/pt-pt\/#\/schema\/logo\/image\/\",\"url\":\"https:\/\/marcela.pt\/wp-content\/uploads\/2025\/03\/logo_white.svg\",\"contentUrl\":\"https:\/\/marcela.pt\/wp-content\/uploads\/2025\/03\/logo_white.svg\",\"caption\":\"Marcela Real Estate\"},\"image\":{\"@id\":\"https:\/\/marcela.pt\/pt-pt\/#\/schema\/logo\/image\/\"}},{\"@type\":\"Person\",\"@id\":\"https:\/\/marcela.pt\/pt-pt\/#\/schema\/person\/6f2c80b8925bc317e3ce5e1ddb89179f\",\"name\":\"Sara Sequeira\",\"image\":{\"@type\":\"ImageObject\",\"inLanguage\":\"pt-PT\",\"@id\":\"https:\/\/marcela.pt\/pt-pt\/#\/schema\/person\/image\/\",\"url\":\"https:\/\/secure.gravatar.com\/avatar\/32689de640197072754090168021719c031e8734972332faa28098429a5ce980?s=96&d=mm&r=g\",\"contentUrl\":\"https:\/\/secure.gravatar.com\/avatar\/32689de640197072754090168021719c031e8734972332faa28098429a5ce980?s=96&d=mm&r=g\",\"caption\":\"Sara Sequeira\"},\"url\":\"https:\/\/marcela.pt\/pt-pt\/author\/dengun_sara\/\"}]}<\/script>\n<!-- \/ Yoast SEO Premium plugin. -->","yoast_head_json":{"title":"Residentes N\u00e3o Habituais - Marcela Real Estate","robots":{"index":"index","follow":"follow","max-snippet":"max-snippet:-1","max-image-preview":"max-image-preview:large","max-video-preview":"max-video-preview:-1"},"canonical":"https:\/\/marcela.pt\/pt-pt\/noticias\/non-resident-portugal-buy-in-portugal-live-algarve\/","og_locale":"pt_PT","og_type":"article","og_title":"Residentes N\u00e3o Habituais","og_description":"Com base num regime fiscal vantajoso, em sede de IRS, pretende-se atrair, para Portugal, cidad\u00e3os n\u00e3o residentes, profissionais de actividades de elevado valor acrescentado, bem como indiv\u00edduos com um elevado patrim\u00f3nio ou poder de compra; Com base num regime fiscal vantajoso, em sede de IRS, pretende-se atrair, para Portugal, cidad\u00e3os n\u00e3o residentes, profissionais de actividades ... Ler mais","og_url":"https:\/\/marcela.pt\/pt-pt\/noticias\/non-resident-portugal-buy-in-portugal-live-algarve\/","og_site_name":"Marcela Real Estate","article_published_time":"2025-03-31T10:12:25+00:00","article_modified_time":"2025-05-27T12:04:57+00:00","og_image":[{"width":825,"height":500,"url":"https:\/\/marcela.pt\/wp-content\/uploads\/2025\/03\/454af7c7b4-imagem7.jpg","type":"image\/jpeg"}],"author":"Sara Sequeira","twitter_card":"summary_large_image","twitter_misc":{"Escrito por":"Sara Sequeira","Tempo estimado de leitura":"2 minutos"},"schema":{"@context":"https:\/\/schema.org","@graph":[{"@type":"Article","@id":"https:\/\/marcela.pt\/pt-pt\/noticias\/non-resident-portugal-buy-in-portugal-live-algarve\/#article","isPartOf":{"@id":"https:\/\/marcela.pt\/pt-pt\/noticias\/non-resident-portugal-buy-in-portugal-live-algarve\/"},"author":{"name":"Sara Sequeira","@id":"https:\/\/marcela.pt\/pt-pt\/#\/schema\/person\/6f2c80b8925bc317e3ce5e1ddb89179f"},"headline":"Residentes N\u00e3o Habituais","datePublished":"2025-03-31T10:12:25+00:00","dateModified":"2025-05-27T12:04:57+00:00","mainEntityOfPage":{"@id":"https:\/\/marcela.pt\/pt-pt\/noticias\/non-resident-portugal-buy-in-portugal-live-algarve\/"},"wordCount":220,"publisher":{"@id":"https:\/\/marcela.pt\/pt-pt\/#organization"},"image":{"@id":"https:\/\/marcela.pt\/pt-pt\/noticias\/non-resident-portugal-buy-in-portugal-live-algarve\/#primaryimage"},"thumbnailUrl":"https:\/\/marcela.pt\/wp-content\/uploads\/2025\/03\/454af7c7b4-imagem7.jpg","articleSection":["Financiamento"],"inLanguage":"pt-PT"},{"@type":"WebPage","@id":"https:\/\/marcela.pt\/pt-pt\/noticias\/non-resident-portugal-buy-in-portugal-live-algarve\/","url":"https:\/\/marcela.pt\/pt-pt\/noticias\/non-resident-portugal-buy-in-portugal-live-algarve\/","name":"Residentes N\u00e3o Habituais - Marcela Real Estate","isPartOf":{"@id":"https:\/\/marcela.pt\/pt-pt\/#website"},"primaryImageOfPage":{"@id":"https:\/\/marcela.pt\/pt-pt\/noticias\/non-resident-portugal-buy-in-portugal-live-algarve\/#primaryimage"},"image":{"@id":"https:\/\/marcela.pt\/pt-pt\/noticias\/non-resident-portugal-buy-in-portugal-live-algarve\/#primaryimage"},"thumbnailUrl":"https:\/\/marcela.pt\/wp-content\/uploads\/2025\/03\/454af7c7b4-imagem7.jpg","datePublished":"2025-03-31T10:12:25+00:00","dateModified":"2025-05-27T12:04:57+00:00","breadcrumb":{"@id":"https:\/\/marcela.pt\/pt-pt\/noticias\/non-resident-portugal-buy-in-portugal-live-algarve\/#breadcrumb"},"inLanguage":"pt-PT","potentialAction":[{"@type":"ReadAction","target":["https:\/\/marcela.pt\/pt-pt\/noticias\/non-resident-portugal-buy-in-portugal-live-algarve\/"]}]},{"@type":"ImageObject","inLanguage":"pt-PT","@id":"https:\/\/marcela.pt\/pt-pt\/noticias\/non-resident-portugal-buy-in-portugal-live-algarve\/#primaryimage","url":"https:\/\/marcela.pt\/wp-content\/uploads\/2025\/03\/454af7c7b4-imagem7.jpg","contentUrl":"https:\/\/marcela.pt\/wp-content\/uploads\/2025\/03\/454af7c7b4-imagem7.jpg","width":825,"height":500},{"@type":"BreadcrumbList","@id":"https:\/\/marcela.pt\/pt-pt\/noticias\/non-resident-portugal-buy-in-portugal-live-algarve\/#breadcrumb","itemListElement":[{"@type":"ListItem","position":1,"name":"Home","item":"https:\/\/marcela.pt\/pt-pt\/"},{"@type":"ListItem","position":2,"name":"Residentes N\u00e3o Habituais"}]},{"@type":"WebSite","@id":"https:\/\/marcela.pt\/pt-pt\/#website","url":"https:\/\/marcela.pt\/pt-pt\/","name":"Marcela Real Estate","description":"Ag\u00eancia imobili\u00e1ria em Lagos, Algarve","publisher":{"@id":"https:\/\/marcela.pt\/pt-pt\/#organization"},"potentialAction":[{"@type":"SearchAction","target":{"@type":"EntryPoint","urlTemplate":"https:\/\/marcela.pt\/pt-pt\/?s={search_term_string}"},"query-input":{"@type":"PropertyValueSpecification","valueRequired":true,"valueName":"search_term_string"}}],"inLanguage":"pt-PT"},{"@type":"Organization","@id":"https:\/\/marcela.pt\/pt-pt\/#organization","name":"Marcela Real Estate","url":"https:\/\/marcela.pt\/pt-pt\/","logo":{"@type":"ImageObject","inLanguage":"pt-PT","@id":"https:\/\/marcela.pt\/pt-pt\/#\/schema\/logo\/image\/","url":"https:\/\/marcela.pt\/wp-content\/uploads\/2025\/03\/logo_white.svg","contentUrl":"https:\/\/marcela.pt\/wp-content\/uploads\/2025\/03\/logo_white.svg","caption":"Marcela Real Estate"},"image":{"@id":"https:\/\/marcela.pt\/pt-pt\/#\/schema\/logo\/image\/"}},{"@type":"Person","@id":"https:\/\/marcela.pt\/pt-pt\/#\/schema\/person\/6f2c80b8925bc317e3ce5e1ddb89179f","name":"Sara Sequeira","image":{"@type":"ImageObject","inLanguage":"pt-PT","@id":"https:\/\/marcela.pt\/pt-pt\/#\/schema\/person\/image\/","url":"https:\/\/secure.gravatar.com\/avatar\/32689de640197072754090168021719c031e8734972332faa28098429a5ce980?s=96&d=mm&r=g","contentUrl":"https:\/\/secure.gravatar.com\/avatar\/32689de640197072754090168021719c031e8734972332faa28098429a5ce980?s=96&d=mm&r=g","caption":"Sara Sequeira"},"url":"https:\/\/marcela.pt\/pt-pt\/author\/dengun_sara\/"}]}},"_links":{"self":[{"href":"https:\/\/marcela.pt\/pt-pt\/wp-json\/wp\/v2\/posts\/3807","targetHints":{"allow":["GET"]}}],"collection":[{"href":"https:\/\/marcela.pt\/pt-pt\/wp-json\/wp\/v2\/posts"}],"about":[{"href":"https:\/\/marcela.pt\/pt-pt\/wp-json\/wp\/v2\/types\/post"}],"author":[{"embeddable":true,"href":"https:\/\/marcela.pt\/pt-pt\/wp-json\/wp\/v2\/users\/5"}],"replies":[{"embeddable":true,"href":"https:\/\/marcela.pt\/pt-pt\/wp-json\/wp\/v2\/comments?post=3807"}],"version-history":[{"count":5,"href":"https:\/\/marcela.pt\/pt-pt\/wp-json\/wp\/v2\/posts\/3807\/revisions"}],"predecessor-version":[{"id":4806,"href":"https:\/\/marcela.pt\/pt-pt\/wp-json\/wp\/v2\/posts\/3807\/revisions\/4806"}],"wp:featuredmedia":[{"embeddable":true,"href":"https:\/\/marcela.pt\/pt-pt\/wp-json\/wp\/v2\/media\/2825"}],"wp:attachment":[{"href":"https:\/\/marcela.pt\/pt-pt\/wp-json\/wp\/v2\/media?parent=3807"}],"wp:term":[{"taxonomy":"category","embeddable":true,"href":"https:\/\/marcela.pt\/pt-pt\/wp-json\/wp\/v2\/categories?post=3807"},{"taxonomy":"post_tag","embeddable":true,"href":"https:\/\/marcela.pt\/pt-pt\/wp-json\/wp\/v2\/tags?post=3807"}],"curies":[{"name":"wp","href":"https:\/\/api.w.org\/{rel}","templated":true}]}}