{"id":3799,"date":"2025-03-31T11:27:34","date_gmt":"2025-03-31T11:27:34","guid":{"rendered":"https:\/\/marcela.pt\/news\/portugal-leads-the-way-in-construction-in-2024\/"},"modified":"2025-05-27T11:46:28","modified_gmt":"2025-05-27T11:46:28","slug":"portugal-lidera-na-construcao-em-2024","status":"publish","type":"post","link":"https:\/\/marcela.pt\/pt-pt\/noticias\/portugal-leads-the-way-in-construction-in-2024\/","title":{"rendered":"Portugal lidera na Constru\u00e7\u00e3o em 2024"},"content":{"rendered":"\n<p>De acordo com as primeiras estimativas divulgadas pelo Eurostat durante o m\u00eas de Dezembro, Portugal registou em outubro a maior subida hom\u00f3loga (6,9%) da produ\u00e7\u00e3o na constru\u00e7\u00e3o e a terceira maior (4,6%) em cadeia, entre os Estados-membros da Uni\u00e3o Europeia.<\/p>\n\n\n\n<p><\/p>\n\n\n\n<p>O m\u00eas de refer\u00eancia \u00e9 Outubro, segundo o servi\u00e7o estat\u00edstico da UE, a produ\u00e7\u00e3o na constru\u00e7\u00e3o subiu 0,2% na Zona Euro e recuou 0,8% no conjunto dos 27 Estados-membros, face ao mesmo m\u00eas de 2023.<br><br>Entre os Estados-membros para os quais h\u00e1 dados dispon\u00edveis, a Rom\u00e9nia (-14,5%), a Eslov\u00e9nia (-13,4%) e a Pol\u00f3nia (-11,4%) apresentaram os maiores recuos hom\u00f3logos, com Portugal (6,9%), Espanha (6,3%) e Bulg\u00e1ria (6,2%) a registarem os principais avan\u00e7os.<br><br>Na compara\u00e7\u00e3o com setembro, a Eslov\u00e1quia (7,9%), \u00c1ustria (6,5%), Portugal e Hungria (4,6% cada) apresentaram as mais importantes subidas e a Rom\u00e9nia (-8,3%) e a Pol\u00f3nia (-2,7%) as \u00fanicas descidas, conclui o Eurostat.<\/p>\n\n\n\n<p>Janeiro 2025<\/p>\n","protected":false},"excerpt":{"rendered":"<p>De acordo com as primeiras estimativas divulgadas pelo Eurostat durante o m\u00eas de Dezembro, Portugal registou em outubro a maior subida hom\u00f3loga (6,9%) da produ\u00e7\u00e3o na constru\u00e7\u00e3o e a terceira maior (4,6%) em cadeia, entre os Estados-membros da Uni\u00e3o Europeia. O m\u00eas de refer\u00eancia \u00e9 Outubro, segundo o servi\u00e7o estat\u00edstico da UE, a produ\u00e7\u00e3o na &#8230; <a title=\"Portugal lidera na Constru\u00e7\u00e3o em 2024\" class=\"read-more\" href=\"https:\/\/marcela.pt\/pt-pt\/noticias\/portugal-leads-the-way-in-construction-in-2024\/\" aria-label=\"Leia mais sobre Portugal lidera na Constru\u00e7\u00e3o em 2024\">Ler mais<\/a><\/p>\n","protected":false},"author":5,"featured_media":2833,"comment_status":"closed","ping_status":"closed","sticky":false,"template":"","format":"standard","meta":{"_acf_changed":false,"footnotes":""},"categories":[59],"tags":[],"class_list":["post-3799","post","type-post","status-publish","format-standard","has-post-thumbnail","hentry","category-propriedade","generate-columns","tablet-grid-50","mobile-grid-100","grid-parent","grid-33"],"acf":[],"yoast_head":"<!-- This site is optimized with the Yoast SEO Premium plugin v25.1 (Yoast SEO v25.1) - https:\/\/yoast.com\/wordpress\/plugins\/seo\/ -->\n<title>Portugal lidera na Constru\u00e7\u00e3o em 2024 - Marcela Real Estate<\/title>\n<meta name=\"robots\" content=\"index, follow, max-snippet:-1, max-image-preview:large, max-video-preview:-1\" \/>\n<link rel=\"canonical\" href=\"https:\/\/marcela.pt\/pt-pt\/noticias\/portugal-leads-the-way-in-construction-in-2024\/\" \/>\n<meta property=\"og:locale\" content=\"pt_PT\" \/>\n<meta property=\"og:type\" content=\"article\" \/>\n<meta property=\"og:title\" content=\"Portugal lidera na Constru\u00e7\u00e3o em 2024\" \/>\n<meta property=\"og:description\" content=\"De acordo com as primeiras estimativas divulgadas pelo Eurostat durante o m\u00eas de Dezembro, Portugal registou em outubro a maior subida hom\u00f3loga (6,9%) da produ\u00e7\u00e3o na constru\u00e7\u00e3o e a terceira maior (4,6%) em cadeia, entre os Estados-membros da Uni\u00e3o Europeia. O m\u00eas de refer\u00eancia \u00e9 Outubro, segundo o servi\u00e7o estat\u00edstico da UE, a produ\u00e7\u00e3o na ... Ler mais\" \/>\n<meta property=\"og:url\" content=\"https:\/\/marcela.pt\/pt-pt\/noticias\/portugal-leads-the-way-in-construction-in-2024\/\" \/>\n<meta property=\"og:site_name\" content=\"Marcela Real Estate\" \/>\n<meta property=\"article:published_time\" content=\"2025-03-31T11:27:34+00:00\" \/>\n<meta property=\"article:modified_time\" content=\"2025-05-27T11:46:28+00:00\" \/>\n<meta property=\"og:image\" content=\"https:\/\/marcela.pt\/wp-content\/uploads\/2025\/03\/142d051c5e-1737992884_0-scaled.jpg\" \/>\n\t<meta property=\"og:image:width\" content=\"2560\" \/>\n\t<meta property=\"og:image:height\" content=\"1707\" \/>\n\t<meta property=\"og:image:type\" content=\"image\/jpeg\" \/>\n<meta name=\"author\" content=\"Sara Sequeira\" \/>\n<meta name=\"twitter:card\" content=\"summary_large_image\" \/>\n<meta name=\"twitter:label1\" content=\"Escrito por\" \/>\n\t<meta name=\"twitter:data1\" content=\"Sara Sequeira\" \/>\n\t<meta name=\"twitter:label2\" content=\"Tempo estimado de leitura\" \/>\n\t<meta name=\"twitter:data2\" content=\"1 minuto\" \/>\n<script type=\"application\/ld+json\" class=\"yoast-schema-graph\">{\"@context\":\"https:\/\/schema.org\",\"@graph\":[{\"@type\":\"Article\",\"@id\":\"https:\/\/marcela.pt\/pt-pt\/noticias\/portugal-leads-the-way-in-construction-in-2024\/#article\",\"isPartOf\":{\"@id\":\"https:\/\/marcela.pt\/pt-pt\/noticias\/portugal-leads-the-way-in-construction-in-2024\/\"},\"author\":{\"name\":\"Sara Sequeira\",\"@id\":\"https:\/\/marcela.pt\/pt-pt\/#\/schema\/person\/6f2c80b8925bc317e3ce5e1ddb89179f\"},\"headline\":\"Portugal lidera na Constru\u00e7\u00e3o em 2024\",\"datePublished\":\"2025-03-31T11:27:34+00:00\",\"dateModified\":\"2025-05-27T11:46:28+00:00\",\"mainEntityOfPage\":{\"@id\":\"https:\/\/marcela.pt\/pt-pt\/noticias\/portugal-leads-the-way-in-construction-in-2024\/\"},\"wordCount\":162,\"publisher\":{\"@id\":\"https:\/\/marcela.pt\/pt-pt\/#organization\"},\"image\":{\"@id\":\"https:\/\/marcela.pt\/pt-pt\/noticias\/portugal-leads-the-way-in-construction-in-2024\/#primaryimage\"},\"thumbnailUrl\":\"https:\/\/marcela.pt\/wp-content\/uploads\/2025\/03\/142d051c5e-1737992884_0-scaled.jpg\",\"articleSection\":[\"Propriedade\"],\"inLanguage\":\"pt-PT\"},{\"@type\":\"WebPage\",\"@id\":\"https:\/\/marcela.pt\/pt-pt\/noticias\/portugal-leads-the-way-in-construction-in-2024\/\",\"url\":\"https:\/\/marcela.pt\/pt-pt\/noticias\/portugal-leads-the-way-in-construction-in-2024\/\",\"name\":\"Portugal lidera na Constru\u00e7\u00e3o em 2024 - Marcela Real Estate\",\"isPartOf\":{\"@id\":\"https:\/\/marcela.pt\/pt-pt\/#website\"},\"primaryImageOfPage\":{\"@id\":\"https:\/\/marcela.pt\/pt-pt\/noticias\/portugal-leads-the-way-in-construction-in-2024\/#primaryimage\"},\"image\":{\"@id\":\"https:\/\/marcela.pt\/pt-pt\/noticias\/portugal-leads-the-way-in-construction-in-2024\/#primaryimage\"},\"thumbnailUrl\":\"https:\/\/marcela.pt\/wp-content\/uploads\/2025\/03\/142d051c5e-1737992884_0-scaled.jpg\",\"datePublished\":\"2025-03-31T11:27:34+00:00\",\"dateModified\":\"2025-05-27T11:46:28+00:00\",\"breadcrumb\":{\"@id\":\"https:\/\/marcela.pt\/pt-pt\/noticias\/portugal-leads-the-way-in-construction-in-2024\/#breadcrumb\"},\"inLanguage\":\"pt-PT\",\"potentialAction\":[{\"@type\":\"ReadAction\",\"target\":[\"https:\/\/marcela.pt\/pt-pt\/noticias\/portugal-leads-the-way-in-construction-in-2024\/\"]}]},{\"@type\":\"ImageObject\",\"inLanguage\":\"pt-PT\",\"@id\":\"https:\/\/marcela.pt\/pt-pt\/noticias\/portugal-leads-the-way-in-construction-in-2024\/#primaryimage\",\"url\":\"https:\/\/marcela.pt\/wp-content\/uploads\/2025\/03\/142d051c5e-1737992884_0-scaled.jpg\",\"contentUrl\":\"https:\/\/marcela.pt\/wp-content\/uploads\/2025\/03\/142d051c5e-1737992884_0-scaled.jpg\",\"width\":2560,\"height\":1707},{\"@type\":\"BreadcrumbList\",\"@id\":\"https:\/\/marcela.pt\/pt-pt\/noticias\/portugal-leads-the-way-in-construction-in-2024\/#breadcrumb\",\"itemListElement\":[{\"@type\":\"ListItem\",\"position\":1,\"name\":\"Home\",\"item\":\"https:\/\/marcela.pt\/pt-pt\/\"},{\"@type\":\"ListItem\",\"position\":2,\"name\":\"Portugal lidera na Constru\u00e7\u00e3o em 2024\"}]},{\"@type\":\"WebSite\",\"@id\":\"https:\/\/marcela.pt\/pt-pt\/#website\",\"url\":\"https:\/\/marcela.pt\/pt-pt\/\",\"name\":\"Marcela Real Estate\",\"description\":\"Ag\u00eancia imobili\u00e1ria em Lagos, Algarve\",\"publisher\":{\"@id\":\"https:\/\/marcela.pt\/pt-pt\/#organization\"},\"potentialAction\":[{\"@type\":\"SearchAction\",\"target\":{\"@type\":\"EntryPoint\",\"urlTemplate\":\"https:\/\/marcela.pt\/pt-pt\/?s={search_term_string}\"},\"query-input\":{\"@type\":\"PropertyValueSpecification\",\"valueRequired\":true,\"valueName\":\"search_term_string\"}}],\"inLanguage\":\"pt-PT\"},{\"@type\":\"Organization\",\"@id\":\"https:\/\/marcela.pt\/pt-pt\/#organization\",\"name\":\"Marcela Real Estate\",\"url\":\"https:\/\/marcela.pt\/pt-pt\/\",\"logo\":{\"@type\":\"ImageObject\",\"inLanguage\":\"pt-PT\",\"@id\":\"https:\/\/marcela.pt\/pt-pt\/#\/schema\/logo\/image\/\",\"url\":\"https:\/\/marcela.pt\/wp-content\/uploads\/2025\/03\/logo_white.svg\",\"contentUrl\":\"https:\/\/marcela.pt\/wp-content\/uploads\/2025\/03\/logo_white.svg\",\"caption\":\"Marcela Real Estate\"},\"image\":{\"@id\":\"https:\/\/marcela.pt\/pt-pt\/#\/schema\/logo\/image\/\"}},{\"@type\":\"Person\",\"@id\":\"https:\/\/marcela.pt\/pt-pt\/#\/schema\/person\/6f2c80b8925bc317e3ce5e1ddb89179f\",\"name\":\"Sara Sequeira\",\"image\":{\"@type\":\"ImageObject\",\"inLanguage\":\"pt-PT\",\"@id\":\"https:\/\/marcela.pt\/pt-pt\/#\/schema\/person\/image\/\",\"url\":\"https:\/\/secure.gravatar.com\/avatar\/32689de640197072754090168021719c031e8734972332faa28098429a5ce980?s=96&d=mm&r=g\",\"contentUrl\":\"https:\/\/secure.gravatar.com\/avatar\/32689de640197072754090168021719c031e8734972332faa28098429a5ce980?s=96&d=mm&r=g\",\"caption\":\"Sara Sequeira\"},\"url\":\"https:\/\/marcela.pt\/pt-pt\/author\/dengun_sara\/\"}]}<\/script>\n<!-- \/ Yoast SEO Premium plugin. -->","yoast_head_json":{"title":"Portugal lidera na Constru\u00e7\u00e3o em 2024 - Marcela Real Estate","robots":{"index":"index","follow":"follow","max-snippet":"max-snippet:-1","max-image-preview":"max-image-preview:large","max-video-preview":"max-video-preview:-1"},"canonical":"https:\/\/marcela.pt\/pt-pt\/noticias\/portugal-leads-the-way-in-construction-in-2024\/","og_locale":"pt_PT","og_type":"article","og_title":"Portugal lidera na Constru\u00e7\u00e3o em 2024","og_description":"De acordo com as primeiras estimativas divulgadas pelo Eurostat durante o m\u00eas de Dezembro, Portugal registou em outubro a maior subida hom\u00f3loga (6,9%) da produ\u00e7\u00e3o na constru\u00e7\u00e3o e a terceira maior (4,6%) em cadeia, entre os Estados-membros da Uni\u00e3o Europeia. O m\u00eas de refer\u00eancia \u00e9 Outubro, segundo o servi\u00e7o estat\u00edstico da UE, a produ\u00e7\u00e3o na ... Ler mais","og_url":"https:\/\/marcela.pt\/pt-pt\/noticias\/portugal-leads-the-way-in-construction-in-2024\/","og_site_name":"Marcela Real Estate","article_published_time":"2025-03-31T11:27:34+00:00","article_modified_time":"2025-05-27T11:46:28+00:00","og_image":[{"width":2560,"height":1707,"url":"https:\/\/marcela.pt\/wp-content\/uploads\/2025\/03\/142d051c5e-1737992884_0-scaled.jpg","type":"image\/jpeg"}],"author":"Sara Sequeira","twitter_card":"summary_large_image","twitter_misc":{"Escrito por":"Sara Sequeira","Tempo estimado de leitura":"1 minuto"},"schema":{"@context":"https:\/\/schema.org","@graph":[{"@type":"Article","@id":"https:\/\/marcela.pt\/pt-pt\/noticias\/portugal-leads-the-way-in-construction-in-2024\/#article","isPartOf":{"@id":"https:\/\/marcela.pt\/pt-pt\/noticias\/portugal-leads-the-way-in-construction-in-2024\/"},"author":{"name":"Sara Sequeira","@id":"https:\/\/marcela.pt\/pt-pt\/#\/schema\/person\/6f2c80b8925bc317e3ce5e1ddb89179f"},"headline":"Portugal lidera na Constru\u00e7\u00e3o em 2024","datePublished":"2025-03-31T11:27:34+00:00","dateModified":"2025-05-27T11:46:28+00:00","mainEntityOfPage":{"@id":"https:\/\/marcela.pt\/pt-pt\/noticias\/portugal-leads-the-way-in-construction-in-2024\/"},"wordCount":162,"publisher":{"@id":"https:\/\/marcela.pt\/pt-pt\/#organization"},"image":{"@id":"https:\/\/marcela.pt\/pt-pt\/noticias\/portugal-leads-the-way-in-construction-in-2024\/#primaryimage"},"thumbnailUrl":"https:\/\/marcela.pt\/wp-content\/uploads\/2025\/03\/142d051c5e-1737992884_0-scaled.jpg","articleSection":["Propriedade"],"inLanguage":"pt-PT"},{"@type":"WebPage","@id":"https:\/\/marcela.pt\/pt-pt\/noticias\/portugal-leads-the-way-in-construction-in-2024\/","url":"https:\/\/marcela.pt\/pt-pt\/noticias\/portugal-leads-the-way-in-construction-in-2024\/","name":"Portugal lidera na Constru\u00e7\u00e3o em 2024 - Marcela Real Estate","isPartOf":{"@id":"https:\/\/marcela.pt\/pt-pt\/#website"},"primaryImageOfPage":{"@id":"https:\/\/marcela.pt\/pt-pt\/noticias\/portugal-leads-the-way-in-construction-in-2024\/#primaryimage"},"image":{"@id":"https:\/\/marcela.pt\/pt-pt\/noticias\/portugal-leads-the-way-in-construction-in-2024\/#primaryimage"},"thumbnailUrl":"https:\/\/marcela.pt\/wp-content\/uploads\/2025\/03\/142d051c5e-1737992884_0-scaled.jpg","datePublished":"2025-03-31T11:27:34+00:00","dateModified":"2025-05-27T11:46:28+00:00","breadcrumb":{"@id":"https:\/\/marcela.pt\/pt-pt\/noticias\/portugal-leads-the-way-in-construction-in-2024\/#breadcrumb"},"inLanguage":"pt-PT","potentialAction":[{"@type":"ReadAction","target":["https:\/\/marcela.pt\/pt-pt\/noticias\/portugal-leads-the-way-in-construction-in-2024\/"]}]},{"@type":"ImageObject","inLanguage":"pt-PT","@id":"https:\/\/marcela.pt\/pt-pt\/noticias\/portugal-leads-the-way-in-construction-in-2024\/#primaryimage","url":"https:\/\/marcela.pt\/wp-content\/uploads\/2025\/03\/142d051c5e-1737992884_0-scaled.jpg","contentUrl":"https:\/\/marcela.pt\/wp-content\/uploads\/2025\/03\/142d051c5e-1737992884_0-scaled.jpg","width":2560,"height":1707},{"@type":"BreadcrumbList","@id":"https:\/\/marcela.pt\/pt-pt\/noticias\/portugal-leads-the-way-in-construction-in-2024\/#breadcrumb","itemListElement":[{"@type":"ListItem","position":1,"name":"Home","item":"https:\/\/marcela.pt\/pt-pt\/"},{"@type":"ListItem","position":2,"name":"Portugal lidera na Constru\u00e7\u00e3o em 2024"}]},{"@type":"WebSite","@id":"https:\/\/marcela.pt\/pt-pt\/#website","url":"https:\/\/marcela.pt\/pt-pt\/","name":"Marcela Real Estate","description":"Ag\u00eancia imobili\u00e1ria em Lagos, Algarve","publisher":{"@id":"https:\/\/marcela.pt\/pt-pt\/#organization"},"potentialAction":[{"@type":"SearchAction","target":{"@type":"EntryPoint","urlTemplate":"https:\/\/marcela.pt\/pt-pt\/?s={search_term_string}"},"query-input":{"@type":"PropertyValueSpecification","valueRequired":true,"valueName":"search_term_string"}}],"inLanguage":"pt-PT"},{"@type":"Organization","@id":"https:\/\/marcela.pt\/pt-pt\/#organization","name":"Marcela Real Estate","url":"https:\/\/marcela.pt\/pt-pt\/","logo":{"@type":"ImageObject","inLanguage":"pt-PT","@id":"https:\/\/marcela.pt\/pt-pt\/#\/schema\/logo\/image\/","url":"https:\/\/marcela.pt\/wp-content\/uploads\/2025\/03\/logo_white.svg","contentUrl":"https:\/\/marcela.pt\/wp-content\/uploads\/2025\/03\/logo_white.svg","caption":"Marcela Real Estate"},"image":{"@id":"https:\/\/marcela.pt\/pt-pt\/#\/schema\/logo\/image\/"}},{"@type":"Person","@id":"https:\/\/marcela.pt\/pt-pt\/#\/schema\/person\/6f2c80b8925bc317e3ce5e1ddb89179f","name":"Sara Sequeira","image":{"@type":"ImageObject","inLanguage":"pt-PT","@id":"https:\/\/marcela.pt\/pt-pt\/#\/schema\/person\/image\/","url":"https:\/\/secure.gravatar.com\/avatar\/32689de640197072754090168021719c031e8734972332faa28098429a5ce980?s=96&d=mm&r=g","contentUrl":"https:\/\/secure.gravatar.com\/avatar\/32689de640197072754090168021719c031e8734972332faa28098429a5ce980?s=96&d=mm&r=g","caption":"Sara Sequeira"},"url":"https:\/\/marcela.pt\/pt-pt\/author\/dengun_sara\/"}]}},"_links":{"self":[{"href":"https:\/\/marcela.pt\/pt-pt\/wp-json\/wp\/v2\/posts\/3799","targetHints":{"allow":["GET"]}}],"collection":[{"href":"https:\/\/marcela.pt\/pt-pt\/wp-json\/wp\/v2\/posts"}],"about":[{"href":"https:\/\/marcela.pt\/pt-pt\/wp-json\/wp\/v2\/types\/post"}],"author":[{"embeddable":true,"href":"https:\/\/marcela.pt\/pt-pt\/wp-json\/wp\/v2\/users\/5"}],"replies":[{"embeddable":true,"href":"https:\/\/marcela.pt\/pt-pt\/wp-json\/wp\/v2\/comments?post=3799"}],"version-history":[{"count":3,"href":"https:\/\/marcela.pt\/pt-pt\/wp-json\/wp\/v2\/posts\/3799\/revisions"}],"predecessor-version":[{"id":4793,"href":"https:\/\/marcela.pt\/pt-pt\/wp-json\/wp\/v2\/posts\/3799\/revisions\/4793"}],"wp:featuredmedia":[{"embeddable":true,"href":"https:\/\/marcela.pt\/pt-pt\/wp-json\/wp\/v2\/media\/2833"}],"wp:attachment":[{"href":"https:\/\/marcela.pt\/pt-pt\/wp-json\/wp\/v2\/media?parent=3799"}],"wp:term":[{"taxonomy":"category","embeddable":true,"href":"https:\/\/marcela.pt\/pt-pt\/wp-json\/wp\/v2\/categories?post=3799"},{"taxonomy":"post_tag","embeddable":true,"href":"https:\/\/marcela.pt\/pt-pt\/wp-json\/wp\/v2\/tags?post=3799"}],"curies":[{"name":"wp","href":"https:\/\/api.w.org\/{rel}","templated":true}]}}