{"id":3767,"date":"2025-03-31T11:54:54","date_gmt":"2025-03-31T11:54:54","guid":{"rendered":"https:\/\/marcela.pt\/news\/lagos-is-in-the-top-10-of-the-best-destinations\/"},"modified":"2025-05-27T10:35:54","modified_gmt":"2025-05-27T10:35:54","slug":"lagos-esta-no-top-10-dos-melhores-destinos","status":"publish","type":"post","link":"https:\/\/marcela.pt\/pt-pt\/noticias\/lagos-is-in-the-top-10-of-the-best-destinations\/","title":{"rendered":"Lagos est\u00e1 no top 10 dos melhores destinos"},"content":{"rendered":"\n<p>O reconhecimento veio atrav\u00e9s de uma vota\u00e7\u00e3o no Green Destinations<br><br><\/p>\n\n\n\n<p>Lagos conquistou o 7\u00ba lugar na categoria \u201cEscolha do P\u00fablico\u201d dos <a href=\"https:\/\/www.greendestinations.org\/\">Green Destinations People\u2019s Choice Awards<\/a>, no qual recebeu 15.000 votos de participantes de todo o mundo.<\/p>\n\n\n\n<p>A plataforma Green Destinations reconhece anualmente destinos que implementaram estrat\u00e9gias de sucesso para um turismo mais sustent\u00e1vel, atrav\u00e9s de um painel de avaliadores independentes que analisam crit\u00e9rios como sa\u00fade, acessibilidade, ambiente, seguran\u00e7a e sustentabilidade. Lagos acabou por integrar o TOP 100 das localidades internacionais, o \u00fanico concelho algarvio a surgir na lista.<\/p>\n\n\n\n<p>Al\u00e9m disso Lagos foi escolhido entre <a href=\"https:\/\/www.greendestinations.org\/top-100-destinations\/\">100 melhores destinos sustent\u00e1veis mundiais a visitar<\/a>, pelo Good Travel Guide. O reconhecimento refor\u00e7a \u00e0 sustentabilidade ambiental que a zona vem buscado, garantindo um destino tur\u00edstico mais amigo do ambiente com vista \u00e0 valoriza\u00e7\u00e3o dos seus recursos naturais.<\/p>\n\n\n\n<p>Conhe\u00e7a o Top 10 Green Destinations People\u2019s Choice Awards<\/p>\n\n\n\n<p>1-Bitez, Turquia<br>2-Bison Land, Rom\u00e9nia<br>3-Futaleuf\u00fa, Chile<br>4-Lika Destination, Cro\u00e1cia<br>5-Club Paradise Palawan, Filipinas<br>6-Alto Minho CIM, Portugal<br>7-Lagos, Portugal<br>8-Skanzen Modra, Rep\u00fablica Checa<br>9-Arouca, Portugal<br>10-Dark Sky Alqueva, Portugal<br><br>Fonte: <a href=\"https:\/\/www.cm-lagos.pt\/municipio\/noticias\/8783-lagos-no-top-10-dos-green-destinations-people-s-choice-awards\">C\u00e2mara de Lagos<\/a><\/p>\n\n\n\n<p><\/p>\n","protected":false},"excerpt":{"rendered":"<p>O reconhecimento veio atrav\u00e9s de uma vota\u00e7\u00e3o no Green Destinations Lagos conquistou o 7\u00ba lugar na categoria \u201cEscolha do P\u00fablico\u201d dos Green Destinations People\u2019s Choice Awards, no qual recebeu 15.000 votos de participantes de todo o mundo. A plataforma Green Destinations reconhece anualmente destinos que implementaram estrat\u00e9gias de sucesso para um turismo mais sustent\u00e1vel, atrav\u00e9s &#8230; <a title=\"Lagos est\u00e1 no top 10 dos melhores destinos\" class=\"read-more\" href=\"https:\/\/marcela.pt\/pt-pt\/noticias\/lagos-is-in-the-top-10-of-the-best-destinations\/\" aria-label=\"Leia mais sobre Lagos est\u00e1 no top 10 dos melhores destinos\">Ler mais<\/a><\/p>\n","protected":false},"author":5,"featured_media":2865,"comment_status":"closed","ping_status":"closed","sticky":false,"template":"","format":"standard","meta":{"_acf_changed":false,"footnotes":""},"categories":[63],"tags":[],"class_list":["post-3767","post","type-post","status-publish","format-standard","has-post-thumbnail","hentry","category-lifestyle","generate-columns","tablet-grid-50","mobile-grid-100","grid-parent","grid-33"],"acf":[],"yoast_head":"<!-- This site is optimized with the Yoast SEO Premium plugin v25.1 (Yoast SEO v25.1) - https:\/\/yoast.com\/wordpress\/plugins\/seo\/ -->\n<title>Lagos est\u00e1 no top 10 dos melhores destinos - Marcela Real Estate<\/title>\n<meta name=\"robots\" content=\"index, follow, max-snippet:-1, max-image-preview:large, max-video-preview:-1\" \/>\n<link rel=\"canonical\" href=\"https:\/\/marcela.pt\/pt-pt\/noticias\/lagos-is-in-the-top-10-of-the-best-destinations\/\" \/>\n<meta property=\"og:locale\" content=\"pt_PT\" \/>\n<meta property=\"og:type\" content=\"article\" \/>\n<meta property=\"og:title\" content=\"Lagos est\u00e1 no top 10 dos melhores destinos\" \/>\n<meta property=\"og:description\" content=\"O reconhecimento veio atrav\u00e9s de uma vota\u00e7\u00e3o no Green Destinations Lagos conquistou o 7\u00ba lugar na categoria \u201cEscolha do P\u00fablico\u201d dos Green Destinations People\u2019s Choice Awards, no qual recebeu 15.000 votos de participantes de todo o mundo. A plataforma Green Destinations reconhece anualmente destinos que implementaram estrat\u00e9gias de sucesso para um turismo mais sustent\u00e1vel, atrav\u00e9s ... Ler mais\" \/>\n<meta property=\"og:url\" content=\"https:\/\/marcela.pt\/pt-pt\/noticias\/lagos-is-in-the-top-10-of-the-best-destinations\/\" \/>\n<meta property=\"og:site_name\" content=\"Marcela Real Estate\" \/>\n<meta property=\"article:published_time\" content=\"2025-03-31T11:54:54+00:00\" \/>\n<meta property=\"article:modified_time\" content=\"2025-05-27T10:35:54+00:00\" \/>\n<meta property=\"og:image\" content=\"https:\/\/marcela.pt\/wp-content\/uploads\/2025\/03\/142d051c5e-1619694179_0-scaled.jpg\" \/>\n\t<meta property=\"og:image:width\" content=\"2560\" \/>\n\t<meta property=\"og:image:height\" content=\"1707\" \/>\n\t<meta property=\"og:image:type\" content=\"image\/jpeg\" \/>\n<meta name=\"author\" content=\"Sara Sequeira\" \/>\n<meta name=\"twitter:card\" content=\"summary_large_image\" \/>\n<meta name=\"twitter:label1\" content=\"Escrito por\" \/>\n\t<meta name=\"twitter:data1\" content=\"Sara Sequeira\" \/>\n\t<meta name=\"twitter:label2\" content=\"Tempo estimado de leitura\" \/>\n\t<meta name=\"twitter:data2\" content=\"1 minuto\" \/>\n<script type=\"application\/ld+json\" class=\"yoast-schema-graph\">{\"@context\":\"https:\/\/schema.org\",\"@graph\":[{\"@type\":\"Article\",\"@id\":\"https:\/\/marcela.pt\/pt-pt\/noticias\/lagos-is-in-the-top-10-of-the-best-destinations\/#article\",\"isPartOf\":{\"@id\":\"https:\/\/marcela.pt\/pt-pt\/noticias\/lagos-is-in-the-top-10-of-the-best-destinations\/\"},\"author\":{\"name\":\"Sara Sequeira\",\"@id\":\"https:\/\/marcela.pt\/pt-pt\/#\/schema\/person\/6f2c80b8925bc317e3ce5e1ddb89179f\"},\"headline\":\"Lagos est\u00e1 no top 10 dos melhores destinos\",\"datePublished\":\"2025-03-31T11:54:54+00:00\",\"dateModified\":\"2025-05-27T10:35:54+00:00\",\"mainEntityOfPage\":{\"@id\":\"https:\/\/marcela.pt\/pt-pt\/noticias\/lagos-is-in-the-top-10-of-the-best-destinations\/\"},\"wordCount\":197,\"publisher\":{\"@id\":\"https:\/\/marcela.pt\/pt-pt\/#organization\"},\"image\":{\"@id\":\"https:\/\/marcela.pt\/pt-pt\/noticias\/lagos-is-in-the-top-10-of-the-best-destinations\/#primaryimage\"},\"thumbnailUrl\":\"https:\/\/marcela.pt\/wp-content\/uploads\/2025\/03\/142d051c5e-1619694179_0-scaled.jpg\",\"articleSection\":[\"Lifestyle\"],\"inLanguage\":\"pt-PT\"},{\"@type\":\"WebPage\",\"@id\":\"https:\/\/marcela.pt\/pt-pt\/noticias\/lagos-is-in-the-top-10-of-the-best-destinations\/\",\"url\":\"https:\/\/marcela.pt\/pt-pt\/noticias\/lagos-is-in-the-top-10-of-the-best-destinations\/\",\"name\":\"Lagos est\u00e1 no top 10 dos melhores destinos - Marcela Real Estate\",\"isPartOf\":{\"@id\":\"https:\/\/marcela.pt\/pt-pt\/#website\"},\"primaryImageOfPage\":{\"@id\":\"https:\/\/marcela.pt\/pt-pt\/noticias\/lagos-is-in-the-top-10-of-the-best-destinations\/#primaryimage\"},\"image\":{\"@id\":\"https:\/\/marcela.pt\/pt-pt\/noticias\/lagos-is-in-the-top-10-of-the-best-destinations\/#primaryimage\"},\"thumbnailUrl\":\"https:\/\/marcela.pt\/wp-content\/uploads\/2025\/03\/142d051c5e-1619694179_0-scaled.jpg\",\"datePublished\":\"2025-03-31T11:54:54+00:00\",\"dateModified\":\"2025-05-27T10:35:54+00:00\",\"breadcrumb\":{\"@id\":\"https:\/\/marcela.pt\/pt-pt\/noticias\/lagos-is-in-the-top-10-of-the-best-destinations\/#breadcrumb\"},\"inLanguage\":\"pt-PT\",\"potentialAction\":[{\"@type\":\"ReadAction\",\"target\":[\"https:\/\/marcela.pt\/pt-pt\/noticias\/lagos-is-in-the-top-10-of-the-best-destinations\/\"]}]},{\"@type\":\"ImageObject\",\"inLanguage\":\"pt-PT\",\"@id\":\"https:\/\/marcela.pt\/pt-pt\/noticias\/lagos-is-in-the-top-10-of-the-best-destinations\/#primaryimage\",\"url\":\"https:\/\/marcela.pt\/wp-content\/uploads\/2025\/03\/142d051c5e-1619694179_0-scaled.jpg\",\"contentUrl\":\"https:\/\/marcela.pt\/wp-content\/uploads\/2025\/03\/142d051c5e-1619694179_0-scaled.jpg\",\"width\":2560,\"height\":1707},{\"@type\":\"BreadcrumbList\",\"@id\":\"https:\/\/marcela.pt\/pt-pt\/noticias\/lagos-is-in-the-top-10-of-the-best-destinations\/#breadcrumb\",\"itemListElement\":[{\"@type\":\"ListItem\",\"position\":1,\"name\":\"Home\",\"item\":\"https:\/\/marcela.pt\/pt-pt\/\"},{\"@type\":\"ListItem\",\"position\":2,\"name\":\"Lagos est\u00e1 no top 10 dos melhores destinos\"}]},{\"@type\":\"WebSite\",\"@id\":\"https:\/\/marcela.pt\/pt-pt\/#website\",\"url\":\"https:\/\/marcela.pt\/pt-pt\/\",\"name\":\"Marcela Real Estate\",\"description\":\"Ag\u00eancia imobili\u00e1ria em Lagos, Algarve\",\"publisher\":{\"@id\":\"https:\/\/marcela.pt\/pt-pt\/#organization\"},\"potentialAction\":[{\"@type\":\"SearchAction\",\"target\":{\"@type\":\"EntryPoint\",\"urlTemplate\":\"https:\/\/marcela.pt\/pt-pt\/?s={search_term_string}\"},\"query-input\":{\"@type\":\"PropertyValueSpecification\",\"valueRequired\":true,\"valueName\":\"search_term_string\"}}],\"inLanguage\":\"pt-PT\"},{\"@type\":\"Organization\",\"@id\":\"https:\/\/marcela.pt\/pt-pt\/#organization\",\"name\":\"Marcela Real Estate\",\"url\":\"https:\/\/marcela.pt\/pt-pt\/\",\"logo\":{\"@type\":\"ImageObject\",\"inLanguage\":\"pt-PT\",\"@id\":\"https:\/\/marcela.pt\/pt-pt\/#\/schema\/logo\/image\/\",\"url\":\"https:\/\/marcela.pt\/wp-content\/uploads\/2025\/03\/logo_white.svg\",\"contentUrl\":\"https:\/\/marcela.pt\/wp-content\/uploads\/2025\/03\/logo_white.svg\",\"caption\":\"Marcela Real Estate\"},\"image\":{\"@id\":\"https:\/\/marcela.pt\/pt-pt\/#\/schema\/logo\/image\/\"}},{\"@type\":\"Person\",\"@id\":\"https:\/\/marcela.pt\/pt-pt\/#\/schema\/person\/6f2c80b8925bc317e3ce5e1ddb89179f\",\"name\":\"Sara Sequeira\",\"image\":{\"@type\":\"ImageObject\",\"inLanguage\":\"pt-PT\",\"@id\":\"https:\/\/marcela.pt\/pt-pt\/#\/schema\/person\/image\/\",\"url\":\"https:\/\/secure.gravatar.com\/avatar\/32689de640197072754090168021719c031e8734972332faa28098429a5ce980?s=96&d=mm&r=g\",\"contentUrl\":\"https:\/\/secure.gravatar.com\/avatar\/32689de640197072754090168021719c031e8734972332faa28098429a5ce980?s=96&d=mm&r=g\",\"caption\":\"Sara Sequeira\"},\"url\":\"https:\/\/marcela.pt\/pt-pt\/author\/dengun_sara\/\"}]}<\/script>\n<!-- \/ Yoast SEO Premium plugin. -->","yoast_head_json":{"title":"Lagos est\u00e1 no top 10 dos melhores destinos - Marcela Real Estate","robots":{"index":"index","follow":"follow","max-snippet":"max-snippet:-1","max-image-preview":"max-image-preview:large","max-video-preview":"max-video-preview:-1"},"canonical":"https:\/\/marcela.pt\/pt-pt\/noticias\/lagos-is-in-the-top-10-of-the-best-destinations\/","og_locale":"pt_PT","og_type":"article","og_title":"Lagos est\u00e1 no top 10 dos melhores destinos","og_description":"O reconhecimento veio atrav\u00e9s de uma vota\u00e7\u00e3o no Green Destinations Lagos conquistou o 7\u00ba lugar na categoria \u201cEscolha do P\u00fablico\u201d dos Green Destinations People\u2019s Choice Awards, no qual recebeu 15.000 votos de participantes de todo o mundo. A plataforma Green Destinations reconhece anualmente destinos que implementaram estrat\u00e9gias de sucesso para um turismo mais sustent\u00e1vel, atrav\u00e9s ... Ler mais","og_url":"https:\/\/marcela.pt\/pt-pt\/noticias\/lagos-is-in-the-top-10-of-the-best-destinations\/","og_site_name":"Marcela Real Estate","article_published_time":"2025-03-31T11:54:54+00:00","article_modified_time":"2025-05-27T10:35:54+00:00","og_image":[{"width":2560,"height":1707,"url":"https:\/\/marcela.pt\/wp-content\/uploads\/2025\/03\/142d051c5e-1619694179_0-scaled.jpg","type":"image\/jpeg"}],"author":"Sara Sequeira","twitter_card":"summary_large_image","twitter_misc":{"Escrito por":"Sara Sequeira","Tempo estimado de leitura":"1 minuto"},"schema":{"@context":"https:\/\/schema.org","@graph":[{"@type":"Article","@id":"https:\/\/marcela.pt\/pt-pt\/noticias\/lagos-is-in-the-top-10-of-the-best-destinations\/#article","isPartOf":{"@id":"https:\/\/marcela.pt\/pt-pt\/noticias\/lagos-is-in-the-top-10-of-the-best-destinations\/"},"author":{"name":"Sara Sequeira","@id":"https:\/\/marcela.pt\/pt-pt\/#\/schema\/person\/6f2c80b8925bc317e3ce5e1ddb89179f"},"headline":"Lagos est\u00e1 no top 10 dos melhores destinos","datePublished":"2025-03-31T11:54:54+00:00","dateModified":"2025-05-27T10:35:54+00:00","mainEntityOfPage":{"@id":"https:\/\/marcela.pt\/pt-pt\/noticias\/lagos-is-in-the-top-10-of-the-best-destinations\/"},"wordCount":197,"publisher":{"@id":"https:\/\/marcela.pt\/pt-pt\/#organization"},"image":{"@id":"https:\/\/marcela.pt\/pt-pt\/noticias\/lagos-is-in-the-top-10-of-the-best-destinations\/#primaryimage"},"thumbnailUrl":"https:\/\/marcela.pt\/wp-content\/uploads\/2025\/03\/142d051c5e-1619694179_0-scaled.jpg","articleSection":["Lifestyle"],"inLanguage":"pt-PT"},{"@type":"WebPage","@id":"https:\/\/marcela.pt\/pt-pt\/noticias\/lagos-is-in-the-top-10-of-the-best-destinations\/","url":"https:\/\/marcela.pt\/pt-pt\/noticias\/lagos-is-in-the-top-10-of-the-best-destinations\/","name":"Lagos est\u00e1 no top 10 dos melhores destinos - Marcela Real Estate","isPartOf":{"@id":"https:\/\/marcela.pt\/pt-pt\/#website"},"primaryImageOfPage":{"@id":"https:\/\/marcela.pt\/pt-pt\/noticias\/lagos-is-in-the-top-10-of-the-best-destinations\/#primaryimage"},"image":{"@id":"https:\/\/marcela.pt\/pt-pt\/noticias\/lagos-is-in-the-top-10-of-the-best-destinations\/#primaryimage"},"thumbnailUrl":"https:\/\/marcela.pt\/wp-content\/uploads\/2025\/03\/142d051c5e-1619694179_0-scaled.jpg","datePublished":"2025-03-31T11:54:54+00:00","dateModified":"2025-05-27T10:35:54+00:00","breadcrumb":{"@id":"https:\/\/marcela.pt\/pt-pt\/noticias\/lagos-is-in-the-top-10-of-the-best-destinations\/#breadcrumb"},"inLanguage":"pt-PT","potentialAction":[{"@type":"ReadAction","target":["https:\/\/marcela.pt\/pt-pt\/noticias\/lagos-is-in-the-top-10-of-the-best-destinations\/"]}]},{"@type":"ImageObject","inLanguage":"pt-PT","@id":"https:\/\/marcela.pt\/pt-pt\/noticias\/lagos-is-in-the-top-10-of-the-best-destinations\/#primaryimage","url":"https:\/\/marcela.pt\/wp-content\/uploads\/2025\/03\/142d051c5e-1619694179_0-scaled.jpg","contentUrl":"https:\/\/marcela.pt\/wp-content\/uploads\/2025\/03\/142d051c5e-1619694179_0-scaled.jpg","width":2560,"height":1707},{"@type":"BreadcrumbList","@id":"https:\/\/marcela.pt\/pt-pt\/noticias\/lagos-is-in-the-top-10-of-the-best-destinations\/#breadcrumb","itemListElement":[{"@type":"ListItem","position":1,"name":"Home","item":"https:\/\/marcela.pt\/pt-pt\/"},{"@type":"ListItem","position":2,"name":"Lagos est\u00e1 no top 10 dos melhores destinos"}]},{"@type":"WebSite","@id":"https:\/\/marcela.pt\/pt-pt\/#website","url":"https:\/\/marcela.pt\/pt-pt\/","name":"Marcela Real Estate","description":"Ag\u00eancia imobili\u00e1ria em Lagos, Algarve","publisher":{"@id":"https:\/\/marcela.pt\/pt-pt\/#organization"},"potentialAction":[{"@type":"SearchAction","target":{"@type":"EntryPoint","urlTemplate":"https:\/\/marcela.pt\/pt-pt\/?s={search_term_string}"},"query-input":{"@type":"PropertyValueSpecification","valueRequired":true,"valueName":"search_term_string"}}],"inLanguage":"pt-PT"},{"@type":"Organization","@id":"https:\/\/marcela.pt\/pt-pt\/#organization","name":"Marcela Real Estate","url":"https:\/\/marcela.pt\/pt-pt\/","logo":{"@type":"ImageObject","inLanguage":"pt-PT","@id":"https:\/\/marcela.pt\/pt-pt\/#\/schema\/logo\/image\/","url":"https:\/\/marcela.pt\/wp-content\/uploads\/2025\/03\/logo_white.svg","contentUrl":"https:\/\/marcela.pt\/wp-content\/uploads\/2025\/03\/logo_white.svg","caption":"Marcela Real Estate"},"image":{"@id":"https:\/\/marcela.pt\/pt-pt\/#\/schema\/logo\/image\/"}},{"@type":"Person","@id":"https:\/\/marcela.pt\/pt-pt\/#\/schema\/person\/6f2c80b8925bc317e3ce5e1ddb89179f","name":"Sara Sequeira","image":{"@type":"ImageObject","inLanguage":"pt-PT","@id":"https:\/\/marcela.pt\/pt-pt\/#\/schema\/person\/image\/","url":"https:\/\/secure.gravatar.com\/avatar\/32689de640197072754090168021719c031e8734972332faa28098429a5ce980?s=96&d=mm&r=g","contentUrl":"https:\/\/secure.gravatar.com\/avatar\/32689de640197072754090168021719c031e8734972332faa28098429a5ce980?s=96&d=mm&r=g","caption":"Sara Sequeira"},"url":"https:\/\/marcela.pt\/pt-pt\/author\/dengun_sara\/"}]}},"_links":{"self":[{"href":"https:\/\/marcela.pt\/pt-pt\/wp-json\/wp\/v2\/posts\/3767","targetHints":{"allow":["GET"]}}],"collection":[{"href":"https:\/\/marcela.pt\/pt-pt\/wp-json\/wp\/v2\/posts"}],"about":[{"href":"https:\/\/marcela.pt\/pt-pt\/wp-json\/wp\/v2\/types\/post"}],"author":[{"embeddable":true,"href":"https:\/\/marcela.pt\/pt-pt\/wp-json\/wp\/v2\/users\/5"}],"replies":[{"embeddable":true,"href":"https:\/\/marcela.pt\/pt-pt\/wp-json\/wp\/v2\/comments?post=3767"}],"version-history":[{"count":3,"href":"https:\/\/marcela.pt\/pt-pt\/wp-json\/wp\/v2\/posts\/3767\/revisions"}],"predecessor-version":[{"id":4751,"href":"https:\/\/marcela.pt\/pt-pt\/wp-json\/wp\/v2\/posts\/3767\/revisions\/4751"}],"wp:featuredmedia":[{"embeddable":true,"href":"https:\/\/marcela.pt\/pt-pt\/wp-json\/wp\/v2\/media\/2865"}],"wp:attachment":[{"href":"https:\/\/marcela.pt\/pt-pt\/wp-json\/wp\/v2\/media?parent=3767"}],"wp:term":[{"taxonomy":"category","embeddable":true,"href":"https:\/\/marcela.pt\/pt-pt\/wp-json\/wp\/v2\/categories?post=3767"},{"taxonomy":"post_tag","embeddable":true,"href":"https:\/\/marcela.pt\/pt-pt\/wp-json\/wp\/v2\/tags?post=3767"}],"curies":[{"name":"wp","href":"https:\/\/api.w.org\/{rel}","templated":true}]}}