{"id":3759,"date":"2025-04-01T09:22:37","date_gmt":"2025-04-01T09:22:37","guid":{"rendered":"https:\/\/marcela.pt\/news\/marcela-properties-was-elected-pme-lider-2019\/"},"modified":"2025-05-27T10:17:27","modified_gmt":"2025-05-27T10:17:27","slug":"marcela-propriedades-e-eleita-pme-lider-2019","status":"publish","type":"post","link":"https:\/\/marcela.pt\/pt-pt\/noticias\/marcela-properties-was-elected-pme-lider-2019\/","title":{"rendered":"Marcela Propriedades \u00e9 eleita PME L\u00edder 2019"},"content":{"rendered":"\n<p>A Marcela Propriedades foi distinguida pelo IPMEI, numa parceria com o Turismo de Portugal, como PME L\u00edder 2019.<\/p>\n\n\n\n<p><\/p>\n\n\n\n<p>O Instituto de Apoio \u00e0s Pequenas e M\u00e9dias Empresas e \u00e0 Inova\u00e7\u00e3o(IPMEI), numa parceria com o Turismo de Portugal, criou um pr\u00e9mio que reconhece e sinaliza as PME&#8217;s que apresentam desempenhos superiores.<\/p>\n\n\n\n<p>No \u00faltimo ano, a Marcela Propriedades foi eleita como <strong>PME L\u00edder 2019<\/strong> distinguido-se pelo sucesso da estrat\u00e9gia empresarial, qualidade do seu desempenho e a import\u00e2ncia para a economia nacional.<\/p>\n\n\n\n<p><\/p>\n","protected":false},"excerpt":{"rendered":"<p>A Marcela Propriedades foi distinguida pelo IPMEI, numa parceria com o Turismo de Portugal, como PME L\u00edder 2019. O Instituto de Apoio \u00e0s Pequenas e M\u00e9dias Empresas e \u00e0 Inova\u00e7\u00e3o(IPMEI), numa parceria com o Turismo de Portugal, criou um pr\u00e9mio que reconhece e sinaliza as PME&#8217;s que apresentam desempenhos superiores. No \u00faltimo ano, a Marcela &#8230; <a title=\"Marcela Propriedades \u00e9 eleita PME L\u00edder 2019\" class=\"read-more\" href=\"https:\/\/marcela.pt\/pt-pt\/noticias\/marcela-properties-was-elected-pme-lider-2019\/\" aria-label=\"Leia mais sobre Marcela Propriedades \u00e9 eleita PME L\u00edder 2019\">Ler mais<\/a><\/p>\n","protected":false},"author":5,"featured_media":2877,"comment_status":"closed","ping_status":"closed","sticky":false,"template":"","format":"standard","meta":{"_acf_changed":false,"footnotes":""},"categories":[59],"tags":[],"class_list":["post-3759","post","type-post","status-publish","format-standard","has-post-thumbnail","hentry","category-propriedade","generate-columns","tablet-grid-50","mobile-grid-100","grid-parent","grid-33"],"acf":[],"yoast_head":"<!-- This site is optimized with the Yoast SEO Premium plugin v25.1 (Yoast SEO v25.1) - https:\/\/yoast.com\/wordpress\/plugins\/seo\/ -->\n<title>Marcela Propriedades \u00e9 eleita PME L\u00edder 2019 - Marcela Real Estate<\/title>\n<meta name=\"robots\" content=\"index, follow, max-snippet:-1, max-image-preview:large, max-video-preview:-1\" \/>\n<link rel=\"canonical\" href=\"https:\/\/marcela.pt\/pt-pt\/noticias\/marcela-properties-was-elected-pme-lider-2019\/\" \/>\n<meta property=\"og:locale\" content=\"pt_PT\" \/>\n<meta property=\"og:type\" content=\"article\" \/>\n<meta property=\"og:title\" content=\"Marcela Propriedades \u00e9 eleita PME L\u00edder 2019\" \/>\n<meta property=\"og:description\" content=\"A Marcela Propriedades foi distinguida pelo IPMEI, numa parceria com o Turismo de Portugal, como PME L\u00edder 2019. O Instituto de Apoio \u00e0s Pequenas e M\u00e9dias Empresas e \u00e0 Inova\u00e7\u00e3o(IPMEI), numa parceria com o Turismo de Portugal, criou um pr\u00e9mio que reconhece e sinaliza as PME&#8217;s que apresentam desempenhos superiores. No \u00faltimo ano, a Marcela ... Ler mais\" \/>\n<meta property=\"og:url\" content=\"https:\/\/marcela.pt\/pt-pt\/noticias\/marcela-properties-was-elected-pme-lider-2019\/\" \/>\n<meta property=\"og:site_name\" content=\"Marcela Real Estate\" \/>\n<meta property=\"article:published_time\" content=\"2025-04-01T09:22:37+00:00\" \/>\n<meta property=\"article:modified_time\" content=\"2025-05-27T10:17:27+00:00\" \/>\n<meta property=\"og:image\" content=\"https:\/\/marcela.pt\/wp-content\/uploads\/2025\/04\/142d051c5e-1581098947_0.jpg\" \/>\n\t<meta property=\"og:image:width\" content=\"1366\" \/>\n\t<meta property=\"og:image:height\" content=\"631\" \/>\n\t<meta property=\"og:image:type\" content=\"image\/jpeg\" \/>\n<meta name=\"author\" content=\"Sara Sequeira\" \/>\n<meta name=\"twitter:card\" content=\"summary_large_image\" \/>\n<meta name=\"twitter:label1\" content=\"Escrito por\" \/>\n\t<meta name=\"twitter:data1\" content=\"Sara Sequeira\" \/>\n\t<meta name=\"twitter:label2\" content=\"Tempo estimado de leitura\" \/>\n\t<meta name=\"twitter:data2\" content=\"1 minuto\" \/>\n<script type=\"application\/ld+json\" class=\"yoast-schema-graph\">{\"@context\":\"https:\/\/schema.org\",\"@graph\":[{\"@type\":\"Article\",\"@id\":\"https:\/\/marcela.pt\/pt-pt\/noticias\/marcela-properties-was-elected-pme-lider-2019\/#article\",\"isPartOf\":{\"@id\":\"https:\/\/marcela.pt\/pt-pt\/noticias\/marcela-properties-was-elected-pme-lider-2019\/\"},\"author\":{\"name\":\"Sara Sequeira\",\"@id\":\"https:\/\/marcela.pt\/pt-pt\/#\/schema\/person\/6f2c80b8925bc317e3ce5e1ddb89179f\"},\"headline\":\"Marcela Propriedades \u00e9 eleita PME L\u00edder 2019\",\"datePublished\":\"2025-04-01T09:22:37+00:00\",\"dateModified\":\"2025-05-27T10:17:27+00:00\",\"mainEntityOfPage\":{\"@id\":\"https:\/\/marcela.pt\/pt-pt\/noticias\/marcela-properties-was-elected-pme-lider-2019\/\"},\"wordCount\":91,\"publisher\":{\"@id\":\"https:\/\/marcela.pt\/pt-pt\/#organization\"},\"image\":{\"@id\":\"https:\/\/marcela.pt\/pt-pt\/noticias\/marcela-properties-was-elected-pme-lider-2019\/#primaryimage\"},\"thumbnailUrl\":\"https:\/\/marcela.pt\/wp-content\/uploads\/2025\/04\/142d051c5e-1581098947_0.jpg\",\"articleSection\":[\"Propriedade\"],\"inLanguage\":\"pt-PT\"},{\"@type\":\"WebPage\",\"@id\":\"https:\/\/marcela.pt\/pt-pt\/noticias\/marcela-properties-was-elected-pme-lider-2019\/\",\"url\":\"https:\/\/marcela.pt\/pt-pt\/noticias\/marcela-properties-was-elected-pme-lider-2019\/\",\"name\":\"Marcela Propriedades \u00e9 eleita PME L\u00edder 2019 - Marcela Real Estate\",\"isPartOf\":{\"@id\":\"https:\/\/marcela.pt\/pt-pt\/#website\"},\"primaryImageOfPage\":{\"@id\":\"https:\/\/marcela.pt\/pt-pt\/noticias\/marcela-properties-was-elected-pme-lider-2019\/#primaryimage\"},\"image\":{\"@id\":\"https:\/\/marcela.pt\/pt-pt\/noticias\/marcela-properties-was-elected-pme-lider-2019\/#primaryimage\"},\"thumbnailUrl\":\"https:\/\/marcela.pt\/wp-content\/uploads\/2025\/04\/142d051c5e-1581098947_0.jpg\",\"datePublished\":\"2025-04-01T09:22:37+00:00\",\"dateModified\":\"2025-05-27T10:17:27+00:00\",\"breadcrumb\":{\"@id\":\"https:\/\/marcela.pt\/pt-pt\/noticias\/marcela-properties-was-elected-pme-lider-2019\/#breadcrumb\"},\"inLanguage\":\"pt-PT\",\"potentialAction\":[{\"@type\":\"ReadAction\",\"target\":[\"https:\/\/marcela.pt\/pt-pt\/noticias\/marcela-properties-was-elected-pme-lider-2019\/\"]}]},{\"@type\":\"ImageObject\",\"inLanguage\":\"pt-PT\",\"@id\":\"https:\/\/marcela.pt\/pt-pt\/noticias\/marcela-properties-was-elected-pme-lider-2019\/#primaryimage\",\"url\":\"https:\/\/marcela.pt\/wp-content\/uploads\/2025\/04\/142d051c5e-1581098947_0.jpg\",\"contentUrl\":\"https:\/\/marcela.pt\/wp-content\/uploads\/2025\/04\/142d051c5e-1581098947_0.jpg\",\"width\":1366,\"height\":631},{\"@type\":\"BreadcrumbList\",\"@id\":\"https:\/\/marcela.pt\/pt-pt\/noticias\/marcela-properties-was-elected-pme-lider-2019\/#breadcrumb\",\"itemListElement\":[{\"@type\":\"ListItem\",\"position\":1,\"name\":\"Home\",\"item\":\"https:\/\/marcela.pt\/pt-pt\/\"},{\"@type\":\"ListItem\",\"position\":2,\"name\":\"Marcela Propriedades \u00e9 eleita PME L\u00edder 2019\"}]},{\"@type\":\"WebSite\",\"@id\":\"https:\/\/marcela.pt\/pt-pt\/#website\",\"url\":\"https:\/\/marcela.pt\/pt-pt\/\",\"name\":\"Marcela Real Estate\",\"description\":\"Ag\u00eancia imobili\u00e1ria em Lagos, Algarve\",\"publisher\":{\"@id\":\"https:\/\/marcela.pt\/pt-pt\/#organization\"},\"potentialAction\":[{\"@type\":\"SearchAction\",\"target\":{\"@type\":\"EntryPoint\",\"urlTemplate\":\"https:\/\/marcela.pt\/pt-pt\/?s={search_term_string}\"},\"query-input\":{\"@type\":\"PropertyValueSpecification\",\"valueRequired\":true,\"valueName\":\"search_term_string\"}}],\"inLanguage\":\"pt-PT\"},{\"@type\":\"Organization\",\"@id\":\"https:\/\/marcela.pt\/pt-pt\/#organization\",\"name\":\"Marcela Real Estate\",\"url\":\"https:\/\/marcela.pt\/pt-pt\/\",\"logo\":{\"@type\":\"ImageObject\",\"inLanguage\":\"pt-PT\",\"@id\":\"https:\/\/marcela.pt\/pt-pt\/#\/schema\/logo\/image\/\",\"url\":\"https:\/\/marcela.pt\/wp-content\/uploads\/2025\/03\/logo_white.svg\",\"contentUrl\":\"https:\/\/marcela.pt\/wp-content\/uploads\/2025\/03\/logo_white.svg\",\"caption\":\"Marcela Real Estate\"},\"image\":{\"@id\":\"https:\/\/marcela.pt\/pt-pt\/#\/schema\/logo\/image\/\"}},{\"@type\":\"Person\",\"@id\":\"https:\/\/marcela.pt\/pt-pt\/#\/schema\/person\/6f2c80b8925bc317e3ce5e1ddb89179f\",\"name\":\"Sara Sequeira\",\"image\":{\"@type\":\"ImageObject\",\"inLanguage\":\"pt-PT\",\"@id\":\"https:\/\/marcela.pt\/pt-pt\/#\/schema\/person\/image\/\",\"url\":\"https:\/\/secure.gravatar.com\/avatar\/32689de640197072754090168021719c031e8734972332faa28098429a5ce980?s=96&d=mm&r=g\",\"contentUrl\":\"https:\/\/secure.gravatar.com\/avatar\/32689de640197072754090168021719c031e8734972332faa28098429a5ce980?s=96&d=mm&r=g\",\"caption\":\"Sara Sequeira\"},\"url\":\"https:\/\/marcela.pt\/pt-pt\/author\/dengun_sara\/\"}]}<\/script>\n<!-- \/ Yoast SEO Premium plugin. -->","yoast_head_json":{"title":"Marcela Propriedades \u00e9 eleita PME L\u00edder 2019 - Marcela Real Estate","robots":{"index":"index","follow":"follow","max-snippet":"max-snippet:-1","max-image-preview":"max-image-preview:large","max-video-preview":"max-video-preview:-1"},"canonical":"https:\/\/marcela.pt\/pt-pt\/noticias\/marcela-properties-was-elected-pme-lider-2019\/","og_locale":"pt_PT","og_type":"article","og_title":"Marcela Propriedades \u00e9 eleita PME L\u00edder 2019","og_description":"A Marcela Propriedades foi distinguida pelo IPMEI, numa parceria com o Turismo de Portugal, como PME L\u00edder 2019. O Instituto de Apoio \u00e0s Pequenas e M\u00e9dias Empresas e \u00e0 Inova\u00e7\u00e3o(IPMEI), numa parceria com o Turismo de Portugal, criou um pr\u00e9mio que reconhece e sinaliza as PME&#8217;s que apresentam desempenhos superiores. No \u00faltimo ano, a Marcela ... Ler mais","og_url":"https:\/\/marcela.pt\/pt-pt\/noticias\/marcela-properties-was-elected-pme-lider-2019\/","og_site_name":"Marcela Real Estate","article_published_time":"2025-04-01T09:22:37+00:00","article_modified_time":"2025-05-27T10:17:27+00:00","og_image":[{"width":1366,"height":631,"url":"https:\/\/marcela.pt\/wp-content\/uploads\/2025\/04\/142d051c5e-1581098947_0.jpg","type":"image\/jpeg"}],"author":"Sara Sequeira","twitter_card":"summary_large_image","twitter_misc":{"Escrito por":"Sara Sequeira","Tempo estimado de leitura":"1 minuto"},"schema":{"@context":"https:\/\/schema.org","@graph":[{"@type":"Article","@id":"https:\/\/marcela.pt\/pt-pt\/noticias\/marcela-properties-was-elected-pme-lider-2019\/#article","isPartOf":{"@id":"https:\/\/marcela.pt\/pt-pt\/noticias\/marcela-properties-was-elected-pme-lider-2019\/"},"author":{"name":"Sara Sequeira","@id":"https:\/\/marcela.pt\/pt-pt\/#\/schema\/person\/6f2c80b8925bc317e3ce5e1ddb89179f"},"headline":"Marcela Propriedades \u00e9 eleita PME L\u00edder 2019","datePublished":"2025-04-01T09:22:37+00:00","dateModified":"2025-05-27T10:17:27+00:00","mainEntityOfPage":{"@id":"https:\/\/marcela.pt\/pt-pt\/noticias\/marcela-properties-was-elected-pme-lider-2019\/"},"wordCount":91,"publisher":{"@id":"https:\/\/marcela.pt\/pt-pt\/#organization"},"image":{"@id":"https:\/\/marcela.pt\/pt-pt\/noticias\/marcela-properties-was-elected-pme-lider-2019\/#primaryimage"},"thumbnailUrl":"https:\/\/marcela.pt\/wp-content\/uploads\/2025\/04\/142d051c5e-1581098947_0.jpg","articleSection":["Propriedade"],"inLanguage":"pt-PT"},{"@type":"WebPage","@id":"https:\/\/marcela.pt\/pt-pt\/noticias\/marcela-properties-was-elected-pme-lider-2019\/","url":"https:\/\/marcela.pt\/pt-pt\/noticias\/marcela-properties-was-elected-pme-lider-2019\/","name":"Marcela Propriedades \u00e9 eleita PME L\u00edder 2019 - Marcela Real Estate","isPartOf":{"@id":"https:\/\/marcela.pt\/pt-pt\/#website"},"primaryImageOfPage":{"@id":"https:\/\/marcela.pt\/pt-pt\/noticias\/marcela-properties-was-elected-pme-lider-2019\/#primaryimage"},"image":{"@id":"https:\/\/marcela.pt\/pt-pt\/noticias\/marcela-properties-was-elected-pme-lider-2019\/#primaryimage"},"thumbnailUrl":"https:\/\/marcela.pt\/wp-content\/uploads\/2025\/04\/142d051c5e-1581098947_0.jpg","datePublished":"2025-04-01T09:22:37+00:00","dateModified":"2025-05-27T10:17:27+00:00","breadcrumb":{"@id":"https:\/\/marcela.pt\/pt-pt\/noticias\/marcela-properties-was-elected-pme-lider-2019\/#breadcrumb"},"inLanguage":"pt-PT","potentialAction":[{"@type":"ReadAction","target":["https:\/\/marcela.pt\/pt-pt\/noticias\/marcela-properties-was-elected-pme-lider-2019\/"]}]},{"@type":"ImageObject","inLanguage":"pt-PT","@id":"https:\/\/marcela.pt\/pt-pt\/noticias\/marcela-properties-was-elected-pme-lider-2019\/#primaryimage","url":"https:\/\/marcela.pt\/wp-content\/uploads\/2025\/04\/142d051c5e-1581098947_0.jpg","contentUrl":"https:\/\/marcela.pt\/wp-content\/uploads\/2025\/04\/142d051c5e-1581098947_0.jpg","width":1366,"height":631},{"@type":"BreadcrumbList","@id":"https:\/\/marcela.pt\/pt-pt\/noticias\/marcela-properties-was-elected-pme-lider-2019\/#breadcrumb","itemListElement":[{"@type":"ListItem","position":1,"name":"Home","item":"https:\/\/marcela.pt\/pt-pt\/"},{"@type":"ListItem","position":2,"name":"Marcela Propriedades \u00e9 eleita PME L\u00edder 2019"}]},{"@type":"WebSite","@id":"https:\/\/marcela.pt\/pt-pt\/#website","url":"https:\/\/marcela.pt\/pt-pt\/","name":"Marcela Real Estate","description":"Ag\u00eancia imobili\u00e1ria em Lagos, Algarve","publisher":{"@id":"https:\/\/marcela.pt\/pt-pt\/#organization"},"potentialAction":[{"@type":"SearchAction","target":{"@type":"EntryPoint","urlTemplate":"https:\/\/marcela.pt\/pt-pt\/?s={search_term_string}"},"query-input":{"@type":"PropertyValueSpecification","valueRequired":true,"valueName":"search_term_string"}}],"inLanguage":"pt-PT"},{"@type":"Organization","@id":"https:\/\/marcela.pt\/pt-pt\/#organization","name":"Marcela Real Estate","url":"https:\/\/marcela.pt\/pt-pt\/","logo":{"@type":"ImageObject","inLanguage":"pt-PT","@id":"https:\/\/marcela.pt\/pt-pt\/#\/schema\/logo\/image\/","url":"https:\/\/marcela.pt\/wp-content\/uploads\/2025\/03\/logo_white.svg","contentUrl":"https:\/\/marcela.pt\/wp-content\/uploads\/2025\/03\/logo_white.svg","caption":"Marcela Real Estate"},"image":{"@id":"https:\/\/marcela.pt\/pt-pt\/#\/schema\/logo\/image\/"}},{"@type":"Person","@id":"https:\/\/marcela.pt\/pt-pt\/#\/schema\/person\/6f2c80b8925bc317e3ce5e1ddb89179f","name":"Sara Sequeira","image":{"@type":"ImageObject","inLanguage":"pt-PT","@id":"https:\/\/marcela.pt\/pt-pt\/#\/schema\/person\/image\/","url":"https:\/\/secure.gravatar.com\/avatar\/32689de640197072754090168021719c031e8734972332faa28098429a5ce980?s=96&d=mm&r=g","contentUrl":"https:\/\/secure.gravatar.com\/avatar\/32689de640197072754090168021719c031e8734972332faa28098429a5ce980?s=96&d=mm&r=g","caption":"Sara Sequeira"},"url":"https:\/\/marcela.pt\/pt-pt\/author\/dengun_sara\/"}]}},"_links":{"self":[{"href":"https:\/\/marcela.pt\/pt-pt\/wp-json\/wp\/v2\/posts\/3759","targetHints":{"allow":["GET"]}}],"collection":[{"href":"https:\/\/marcela.pt\/pt-pt\/wp-json\/wp\/v2\/posts"}],"about":[{"href":"https:\/\/marcela.pt\/pt-pt\/wp-json\/wp\/v2\/types\/post"}],"author":[{"embeddable":true,"href":"https:\/\/marcela.pt\/pt-pt\/wp-json\/wp\/v2\/users\/5"}],"replies":[{"embeddable":true,"href":"https:\/\/marcela.pt\/pt-pt\/wp-json\/wp\/v2\/comments?post=3759"}],"version-history":[{"count":2,"href":"https:\/\/marcela.pt\/pt-pt\/wp-json\/wp\/v2\/posts\/3759\/revisions"}],"predecessor-version":[{"id":4741,"href":"https:\/\/marcela.pt\/pt-pt\/wp-json\/wp\/v2\/posts\/3759\/revisions\/4741"}],"wp:featuredmedia":[{"embeddable":true,"href":"https:\/\/marcela.pt\/pt-pt\/wp-json\/wp\/v2\/media\/2877"}],"wp:attachment":[{"href":"https:\/\/marcela.pt\/pt-pt\/wp-json\/wp\/v2\/media?parent=3759"}],"wp:term":[{"taxonomy":"category","embeddable":true,"href":"https:\/\/marcela.pt\/pt-pt\/wp-json\/wp\/v2\/categories?post=3759"},{"taxonomy":"post_tag","embeddable":true,"href":"https:\/\/marcela.pt\/pt-pt\/wp-json\/wp\/v2\/tags?post=3759"}],"curies":[{"name":"wp","href":"https:\/\/api.w.org\/{rel}","templated":true}]}}