{"id":3751,"date":"2025-04-01T09:31:57","date_gmt":"2025-04-01T09:31:57","guid":{"rendered":"https:\/\/marcela.pt\/news\/algarve-tourism-does-not-stop\/"},"modified":"2025-05-27T10:02:06","modified_gmt":"2025-05-27T10:02:06","slug":"o-turismo-algarvio-nao-para","status":"publish","type":"post","link":"https:\/\/marcela.pt\/pt-pt\/noticias\/o-turismo-algarvio-nao-para\/","title":{"rendered":"O turismo Algarvio n\u00e3o p\u00e1ra"},"content":{"rendered":"\n<p>Portugal continua estando entre o top choice de destinos para os viajantes.<\/p>\n\n\n\n<p><\/p>\n\n\n\n<p><br>O turismo Algarvio deu sinais positivos no primeiro semestre em 2019. De acordo com o Instituto Nacional de Estat\u00edsticas (INE) houve um acr\u00e9scimo de 9,3%, isso reflete numericamente em 2,17 milh\u00f5es de pessoas.<\/p>\n\n\n\n<p>Segundo Jo\u00e3o Fernandes, presidente do Turismo Regional do Algarve: \u2018Isso se d\u00e1 pelo empenho dos operadores p\u00fablicos e privados no fortalecimento algarvio como destino tur\u00edstico\u2019\u2019.<\/p>\n\n\n\n<p>Por si s\u00f3 o barlavento portugu\u00eas j\u00e1 se destaca pelo Sol, pela rece\u00e7\u00e3o calorosa e pela comida impec\u00e1vel. Talvez isso tamb\u00e9m explique o aumento de 6,6% do tr\u00e1fego de turistas locais e estrangeiros no aeroporto do distrito do Algarve.<\/p>\n\n\n\n<p>E se caso esteja nesta zona, d\u00ea uma escapadinha para Lagos, a localidade traz consigo temperaturas mais altas, o que \u00e9 uma \u00f3tima condi\u00e7\u00e3o para se aproveitar os 15km de costa ou para se conhecer as grutas e esculturas de gr\u00e9s e calc\u00e1rio talhadas pelo mar.Quanto \u00e0 divers\u00e3o nocturna, voc\u00ea pode visitar o Centro Hist\u00f3rico de Lagos, l\u00e1 n\u00e3o falta m\u00fasica, artistas ou a possibilidade de se beber um copo.<\/p>\n\n\n\n<p><strong>Confira as programa\u00e7\u00f5es para este final de m\u00eas:<\/strong><\/p>\n\n\n\n<p><strong>29 de agosto- Festa do Banho<\/strong><\/p>\n\n\n\n<p>\u00c9 uma antiga tradi\u00e7\u00e3o folcl\u00f3rica para toda a fam\u00edlia.<\/p>\n\n\n\n<p>Ela consistia na comemora\u00e7\u00e3o do trabalho \u00e1rduo feito no ver\u00e3o e o banho trazia a possibilidade em renovar as energias nas \u00e1guas do mar. Claro que hoje n\u00e3o se encontra pessoas do campo com seus burros e carro\u00e7as indo ao encontro do mar, pra j\u00e1 encontra-se jovens que acolhem a tradi\u00e7\u00e3o com muita anima\u00e7\u00e3o. Dizem ainda que este banho vale por 29 banhos!<\/p>\n\n\n\n<p><strong>30 de agosto- Anima\u00e7\u00e3o de rua<\/strong><\/p>\n\n\n\n<p>Na \u00faltima sexta-feira no m\u00eas, voc\u00ea pode encontrar m\u00fasica, dan\u00e7a na Pra\u00e7a do Infante, neste dia quem comandar\u00e1 a noite \u00e9 o artista Fernando Pereira.<br><br><strong>Fonte:<\/strong> Portugal News<\/p>\n\n\n\n<p><\/p>\n","protected":false},"excerpt":{"rendered":"<p>Portugal continua estando entre o top choice de destinos para os viajantes. O turismo Algarvio deu sinais positivos no primeiro semestre em 2019. De acordo com o Instituto Nacional de Estat\u00edsticas (INE) houve um acr\u00e9scimo de 9,3%, isso reflete numericamente em 2,17 milh\u00f5es de pessoas. Segundo Jo\u00e3o Fernandes, presidente do Turismo Regional do Algarve: \u2018Isso &#8230; <a title=\"O turismo Algarvio n\u00e3o p\u00e1ra\" class=\"read-more\" href=\"https:\/\/marcela.pt\/pt-pt\/noticias\/o-turismo-algarvio-nao-para\/\" aria-label=\"Leia mais sobre O turismo Algarvio n\u00e3o p\u00e1ra\">Ler mais<\/a><\/p>\n","protected":false},"author":5,"featured_media":2885,"comment_status":"closed","ping_status":"closed","sticky":false,"template":"","format":"standard","meta":{"_acf_changed":false,"footnotes":""},"categories":[55],"tags":[],"class_list":["post-3751","post","type-post","status-publish","format-standard","has-post-thumbnail","hentry","category-algarve","generate-columns","tablet-grid-50","mobile-grid-100","grid-parent","grid-33"],"acf":[],"yoast_head":"<!-- This site is optimized with the Yoast SEO Premium plugin v25.1 (Yoast SEO v25.1) - https:\/\/yoast.com\/wordpress\/plugins\/seo\/ -->\n<title>O turismo Algarvio n\u00e3o p\u00e1ra - Marcela Real Estate<\/title>\n<meta name=\"robots\" content=\"index, follow, max-snippet:-1, max-image-preview:large, max-video-preview:-1\" \/>\n<link rel=\"canonical\" href=\"https:\/\/marcela.pt\/pt-pt\/noticias\/o-turismo-algarvio-nao-para\/\" \/>\n<meta property=\"og:locale\" content=\"pt_PT\" \/>\n<meta property=\"og:type\" content=\"article\" \/>\n<meta property=\"og:title\" content=\"O turismo Algarvio n\u00e3o p\u00e1ra\" \/>\n<meta property=\"og:description\" content=\"Portugal continua estando entre o top choice de destinos para os viajantes. O turismo Algarvio deu sinais positivos no primeiro semestre em 2019. De acordo com o Instituto Nacional de Estat\u00edsticas (INE) houve um acr\u00e9scimo de 9,3%, isso reflete numericamente em 2,17 milh\u00f5es de pessoas. Segundo Jo\u00e3o Fernandes, presidente do Turismo Regional do Algarve: \u2018Isso ... Ler mais\" \/>\n<meta property=\"og:url\" content=\"https:\/\/marcela.pt\/pt-pt\/noticias\/o-turismo-algarvio-nao-para\/\" \/>\n<meta property=\"og:site_name\" content=\"Marcela Real Estate\" \/>\n<meta property=\"article:published_time\" content=\"2025-04-01T09:31:57+00:00\" \/>\n<meta property=\"article:modified_time\" content=\"2025-05-27T10:02:06+00:00\" \/>\n<meta property=\"og:image\" content=\"https:\/\/marcela.pt\/wp-content\/uploads\/2025\/04\/142d051c5e-1567077515_0.jpg\" \/>\n\t<meta property=\"og:image:width\" content=\"1620\" \/>\n\t<meta property=\"og:image:height\" content=\"1080\" \/>\n\t<meta property=\"og:image:type\" content=\"image\/jpeg\" \/>\n<meta name=\"author\" content=\"Sara Sequeira\" \/>\n<meta name=\"twitter:card\" content=\"summary_large_image\" \/>\n<meta name=\"twitter:label1\" content=\"Escrito por\" \/>\n\t<meta name=\"twitter:data1\" content=\"Sara Sequeira\" \/>\n\t<meta name=\"twitter:label2\" content=\"Tempo estimado de leitura\" \/>\n\t<meta name=\"twitter:data2\" content=\"2 minutos\" \/>\n<script type=\"application\/ld+json\" class=\"yoast-schema-graph\">{\"@context\":\"https:\/\/schema.org\",\"@graph\":[{\"@type\":\"Article\",\"@id\":\"https:\/\/marcela.pt\/pt-pt\/noticias\/o-turismo-algarvio-nao-para\/#article\",\"isPartOf\":{\"@id\":\"https:\/\/marcela.pt\/pt-pt\/noticias\/o-turismo-algarvio-nao-para\/\"},\"author\":{\"name\":\"Sara Sequeira\",\"@id\":\"https:\/\/marcela.pt\/pt-pt\/#\/schema\/person\/6f2c80b8925bc317e3ce5e1ddb89179f\"},\"headline\":\"O turismo Algarvio n\u00e3o p\u00e1ra\",\"datePublished\":\"2025-04-01T09:31:57+00:00\",\"dateModified\":\"2025-05-27T10:02:06+00:00\",\"mainEntityOfPage\":{\"@id\":\"https:\/\/marcela.pt\/pt-pt\/noticias\/o-turismo-algarvio-nao-para\/\"},\"wordCount\":330,\"publisher\":{\"@id\":\"https:\/\/marcela.pt\/pt-pt\/#organization\"},\"image\":{\"@id\":\"https:\/\/marcela.pt\/pt-pt\/noticias\/o-turismo-algarvio-nao-para\/#primaryimage\"},\"thumbnailUrl\":\"https:\/\/marcela.pt\/wp-content\/uploads\/2025\/04\/142d051c5e-1567077515_0.jpg\",\"articleSection\":[\"Algarve\"],\"inLanguage\":\"pt-PT\"},{\"@type\":\"WebPage\",\"@id\":\"https:\/\/marcela.pt\/pt-pt\/noticias\/o-turismo-algarvio-nao-para\/\",\"url\":\"https:\/\/marcela.pt\/pt-pt\/noticias\/o-turismo-algarvio-nao-para\/\",\"name\":\"O turismo Algarvio n\u00e3o p\u00e1ra - Marcela Real Estate\",\"isPartOf\":{\"@id\":\"https:\/\/marcela.pt\/pt-pt\/#website\"},\"primaryImageOfPage\":{\"@id\":\"https:\/\/marcela.pt\/pt-pt\/noticias\/o-turismo-algarvio-nao-para\/#primaryimage\"},\"image\":{\"@id\":\"https:\/\/marcela.pt\/pt-pt\/noticias\/o-turismo-algarvio-nao-para\/#primaryimage\"},\"thumbnailUrl\":\"https:\/\/marcela.pt\/wp-content\/uploads\/2025\/04\/142d051c5e-1567077515_0.jpg\",\"datePublished\":\"2025-04-01T09:31:57+00:00\",\"dateModified\":\"2025-05-27T10:02:06+00:00\",\"breadcrumb\":{\"@id\":\"https:\/\/marcela.pt\/pt-pt\/noticias\/o-turismo-algarvio-nao-para\/#breadcrumb\"},\"inLanguage\":\"pt-PT\",\"potentialAction\":[{\"@type\":\"ReadAction\",\"target\":[\"https:\/\/marcela.pt\/pt-pt\/noticias\/o-turismo-algarvio-nao-para\/\"]}]},{\"@type\":\"ImageObject\",\"inLanguage\":\"pt-PT\",\"@id\":\"https:\/\/marcela.pt\/pt-pt\/noticias\/o-turismo-algarvio-nao-para\/#primaryimage\",\"url\":\"https:\/\/marcela.pt\/wp-content\/uploads\/2025\/04\/142d051c5e-1567077515_0.jpg\",\"contentUrl\":\"https:\/\/marcela.pt\/wp-content\/uploads\/2025\/04\/142d051c5e-1567077515_0.jpg\",\"width\":1620,\"height\":1080},{\"@type\":\"BreadcrumbList\",\"@id\":\"https:\/\/marcela.pt\/pt-pt\/noticias\/o-turismo-algarvio-nao-para\/#breadcrumb\",\"itemListElement\":[{\"@type\":\"ListItem\",\"position\":1,\"name\":\"Home\",\"item\":\"https:\/\/marcela.pt\/pt-pt\/\"},{\"@type\":\"ListItem\",\"position\":2,\"name\":\"O turismo Algarvio n\u00e3o p\u00e1ra\"}]},{\"@type\":\"WebSite\",\"@id\":\"https:\/\/marcela.pt\/pt-pt\/#website\",\"url\":\"https:\/\/marcela.pt\/pt-pt\/\",\"name\":\"Marcela Real Estate\",\"description\":\"Ag\u00eancia imobili\u00e1ria em Lagos, Algarve\",\"publisher\":{\"@id\":\"https:\/\/marcela.pt\/pt-pt\/#organization\"},\"potentialAction\":[{\"@type\":\"SearchAction\",\"target\":{\"@type\":\"EntryPoint\",\"urlTemplate\":\"https:\/\/marcela.pt\/pt-pt\/?s={search_term_string}\"},\"query-input\":{\"@type\":\"PropertyValueSpecification\",\"valueRequired\":true,\"valueName\":\"search_term_string\"}}],\"inLanguage\":\"pt-PT\"},{\"@type\":\"Organization\",\"@id\":\"https:\/\/marcela.pt\/pt-pt\/#organization\",\"name\":\"Marcela Real Estate\",\"url\":\"https:\/\/marcela.pt\/pt-pt\/\",\"logo\":{\"@type\":\"ImageObject\",\"inLanguage\":\"pt-PT\",\"@id\":\"https:\/\/marcela.pt\/pt-pt\/#\/schema\/logo\/image\/\",\"url\":\"https:\/\/marcela.pt\/wp-content\/uploads\/2025\/03\/logo_white.svg\",\"contentUrl\":\"https:\/\/marcela.pt\/wp-content\/uploads\/2025\/03\/logo_white.svg\",\"caption\":\"Marcela Real Estate\"},\"image\":{\"@id\":\"https:\/\/marcela.pt\/pt-pt\/#\/schema\/logo\/image\/\"}},{\"@type\":\"Person\",\"@id\":\"https:\/\/marcela.pt\/pt-pt\/#\/schema\/person\/6f2c80b8925bc317e3ce5e1ddb89179f\",\"name\":\"Sara Sequeira\",\"image\":{\"@type\":\"ImageObject\",\"inLanguage\":\"pt-PT\",\"@id\":\"https:\/\/marcela.pt\/pt-pt\/#\/schema\/person\/image\/\",\"url\":\"https:\/\/secure.gravatar.com\/avatar\/32689de640197072754090168021719c031e8734972332faa28098429a5ce980?s=96&d=mm&r=g\",\"contentUrl\":\"https:\/\/secure.gravatar.com\/avatar\/32689de640197072754090168021719c031e8734972332faa28098429a5ce980?s=96&d=mm&r=g\",\"caption\":\"Sara Sequeira\"},\"url\":\"https:\/\/marcela.pt\/pt-pt\/author\/dengun_sara\/\"}]}<\/script>\n<!-- \/ Yoast SEO Premium plugin. -->","yoast_head_json":{"title":"O turismo Algarvio n\u00e3o p\u00e1ra - Marcela Real Estate","robots":{"index":"index","follow":"follow","max-snippet":"max-snippet:-1","max-image-preview":"max-image-preview:large","max-video-preview":"max-video-preview:-1"},"canonical":"https:\/\/marcela.pt\/pt-pt\/noticias\/o-turismo-algarvio-nao-para\/","og_locale":"pt_PT","og_type":"article","og_title":"O turismo Algarvio n\u00e3o p\u00e1ra","og_description":"Portugal continua estando entre o top choice de destinos para os viajantes. O turismo Algarvio deu sinais positivos no primeiro semestre em 2019. De acordo com o Instituto Nacional de Estat\u00edsticas (INE) houve um acr\u00e9scimo de 9,3%, isso reflete numericamente em 2,17 milh\u00f5es de pessoas. Segundo Jo\u00e3o Fernandes, presidente do Turismo Regional do Algarve: \u2018Isso ... Ler mais","og_url":"https:\/\/marcela.pt\/pt-pt\/noticias\/o-turismo-algarvio-nao-para\/","og_site_name":"Marcela Real Estate","article_published_time":"2025-04-01T09:31:57+00:00","article_modified_time":"2025-05-27T10:02:06+00:00","og_image":[{"width":1620,"height":1080,"url":"https:\/\/marcela.pt\/wp-content\/uploads\/2025\/04\/142d051c5e-1567077515_0.jpg","type":"image\/jpeg"}],"author":"Sara Sequeira","twitter_card":"summary_large_image","twitter_misc":{"Escrito por":"Sara Sequeira","Tempo estimado de leitura":"2 minutos"},"schema":{"@context":"https:\/\/schema.org","@graph":[{"@type":"Article","@id":"https:\/\/marcela.pt\/pt-pt\/noticias\/o-turismo-algarvio-nao-para\/#article","isPartOf":{"@id":"https:\/\/marcela.pt\/pt-pt\/noticias\/o-turismo-algarvio-nao-para\/"},"author":{"name":"Sara Sequeira","@id":"https:\/\/marcela.pt\/pt-pt\/#\/schema\/person\/6f2c80b8925bc317e3ce5e1ddb89179f"},"headline":"O turismo Algarvio n\u00e3o p\u00e1ra","datePublished":"2025-04-01T09:31:57+00:00","dateModified":"2025-05-27T10:02:06+00:00","mainEntityOfPage":{"@id":"https:\/\/marcela.pt\/pt-pt\/noticias\/o-turismo-algarvio-nao-para\/"},"wordCount":330,"publisher":{"@id":"https:\/\/marcela.pt\/pt-pt\/#organization"},"image":{"@id":"https:\/\/marcela.pt\/pt-pt\/noticias\/o-turismo-algarvio-nao-para\/#primaryimage"},"thumbnailUrl":"https:\/\/marcela.pt\/wp-content\/uploads\/2025\/04\/142d051c5e-1567077515_0.jpg","articleSection":["Algarve"],"inLanguage":"pt-PT"},{"@type":"WebPage","@id":"https:\/\/marcela.pt\/pt-pt\/noticias\/o-turismo-algarvio-nao-para\/","url":"https:\/\/marcela.pt\/pt-pt\/noticias\/o-turismo-algarvio-nao-para\/","name":"O turismo Algarvio n\u00e3o p\u00e1ra - Marcela Real Estate","isPartOf":{"@id":"https:\/\/marcela.pt\/pt-pt\/#website"},"primaryImageOfPage":{"@id":"https:\/\/marcela.pt\/pt-pt\/noticias\/o-turismo-algarvio-nao-para\/#primaryimage"},"image":{"@id":"https:\/\/marcela.pt\/pt-pt\/noticias\/o-turismo-algarvio-nao-para\/#primaryimage"},"thumbnailUrl":"https:\/\/marcela.pt\/wp-content\/uploads\/2025\/04\/142d051c5e-1567077515_0.jpg","datePublished":"2025-04-01T09:31:57+00:00","dateModified":"2025-05-27T10:02:06+00:00","breadcrumb":{"@id":"https:\/\/marcela.pt\/pt-pt\/noticias\/o-turismo-algarvio-nao-para\/#breadcrumb"},"inLanguage":"pt-PT","potentialAction":[{"@type":"ReadAction","target":["https:\/\/marcela.pt\/pt-pt\/noticias\/o-turismo-algarvio-nao-para\/"]}]},{"@type":"ImageObject","inLanguage":"pt-PT","@id":"https:\/\/marcela.pt\/pt-pt\/noticias\/o-turismo-algarvio-nao-para\/#primaryimage","url":"https:\/\/marcela.pt\/wp-content\/uploads\/2025\/04\/142d051c5e-1567077515_0.jpg","contentUrl":"https:\/\/marcela.pt\/wp-content\/uploads\/2025\/04\/142d051c5e-1567077515_0.jpg","width":1620,"height":1080},{"@type":"BreadcrumbList","@id":"https:\/\/marcela.pt\/pt-pt\/noticias\/o-turismo-algarvio-nao-para\/#breadcrumb","itemListElement":[{"@type":"ListItem","position":1,"name":"Home","item":"https:\/\/marcela.pt\/pt-pt\/"},{"@type":"ListItem","position":2,"name":"O turismo Algarvio n\u00e3o p\u00e1ra"}]},{"@type":"WebSite","@id":"https:\/\/marcela.pt\/pt-pt\/#website","url":"https:\/\/marcela.pt\/pt-pt\/","name":"Marcela Real Estate","description":"Ag\u00eancia imobili\u00e1ria em Lagos, Algarve","publisher":{"@id":"https:\/\/marcela.pt\/pt-pt\/#organization"},"potentialAction":[{"@type":"SearchAction","target":{"@type":"EntryPoint","urlTemplate":"https:\/\/marcela.pt\/pt-pt\/?s={search_term_string}"},"query-input":{"@type":"PropertyValueSpecification","valueRequired":true,"valueName":"search_term_string"}}],"inLanguage":"pt-PT"},{"@type":"Organization","@id":"https:\/\/marcela.pt\/pt-pt\/#organization","name":"Marcela Real Estate","url":"https:\/\/marcela.pt\/pt-pt\/","logo":{"@type":"ImageObject","inLanguage":"pt-PT","@id":"https:\/\/marcela.pt\/pt-pt\/#\/schema\/logo\/image\/","url":"https:\/\/marcela.pt\/wp-content\/uploads\/2025\/03\/logo_white.svg","contentUrl":"https:\/\/marcela.pt\/wp-content\/uploads\/2025\/03\/logo_white.svg","caption":"Marcela Real Estate"},"image":{"@id":"https:\/\/marcela.pt\/pt-pt\/#\/schema\/logo\/image\/"}},{"@type":"Person","@id":"https:\/\/marcela.pt\/pt-pt\/#\/schema\/person\/6f2c80b8925bc317e3ce5e1ddb89179f","name":"Sara Sequeira","image":{"@type":"ImageObject","inLanguage":"pt-PT","@id":"https:\/\/marcela.pt\/pt-pt\/#\/schema\/person\/image\/","url":"https:\/\/secure.gravatar.com\/avatar\/32689de640197072754090168021719c031e8734972332faa28098429a5ce980?s=96&d=mm&r=g","contentUrl":"https:\/\/secure.gravatar.com\/avatar\/32689de640197072754090168021719c031e8734972332faa28098429a5ce980?s=96&d=mm&r=g","caption":"Sara Sequeira"},"url":"https:\/\/marcela.pt\/pt-pt\/author\/dengun_sara\/"}]}},"_links":{"self":[{"href":"https:\/\/marcela.pt\/pt-pt\/wp-json\/wp\/v2\/posts\/3751","targetHints":{"allow":["GET"]}}],"collection":[{"href":"https:\/\/marcela.pt\/pt-pt\/wp-json\/wp\/v2\/posts"}],"about":[{"href":"https:\/\/marcela.pt\/pt-pt\/wp-json\/wp\/v2\/types\/post"}],"author":[{"embeddable":true,"href":"https:\/\/marcela.pt\/pt-pt\/wp-json\/wp\/v2\/users\/5"}],"replies":[{"embeddable":true,"href":"https:\/\/marcela.pt\/pt-pt\/wp-json\/wp\/v2\/comments?post=3751"}],"version-history":[{"count":3,"href":"https:\/\/marcela.pt\/pt-pt\/wp-json\/wp\/v2\/posts\/3751\/revisions"}],"predecessor-version":[{"id":4734,"href":"https:\/\/marcela.pt\/pt-pt\/wp-json\/wp\/v2\/posts\/3751\/revisions\/4734"}],"wp:featuredmedia":[{"embeddable":true,"href":"https:\/\/marcela.pt\/pt-pt\/wp-json\/wp\/v2\/media\/2885"}],"wp:attachment":[{"href":"https:\/\/marcela.pt\/pt-pt\/wp-json\/wp\/v2\/media?parent=3751"}],"wp:term":[{"taxonomy":"category","embeddable":true,"href":"https:\/\/marcela.pt\/pt-pt\/wp-json\/wp\/v2\/categories?post=3751"},{"taxonomy":"post_tag","embeddable":true,"href":"https:\/\/marcela.pt\/pt-pt\/wp-json\/wp\/v2\/tags?post=3751"}],"curies":[{"name":"wp","href":"https:\/\/api.w.org\/{rel}","templated":true}]}}