{"id":3719,"date":"2025-04-07T09:15:18","date_gmt":"2025-04-07T09:15:18","guid":{"rendered":"https:\/\/marcela.pt\/news\/housing-sales-in-portugal-on-the-rise-in-2025\/"},"modified":"2025-05-27T09:26:19","modified_gmt":"2025-05-27T09:26:19","slug":"venda-de-casas-em-portugal-a-aumentar-em-2025","status":"publish","type":"post","link":"https:\/\/marcela.pt\/pt-pt\/noticias\/venda-de-casas-em-portugal-a-aumentar-em-2025\/","title":{"rendered":"Venda de casas em Portugal a aumentar em 2025"},"content":{"rendered":"\n<p>Em 2024, o setor imobili\u00e1rio voltou a registar valores recorde em Portugal, com a venda de casas a aumentar cerca de 13%.<br><br><\/p>\n\n\n\n<p>Ainda que este aumento seja significativo, as imobili\u00e1rias t\u00eam no\u00e7\u00e3o de que o ano passado foi bastante melhor para o setor imobili\u00e1rio do que 2023, mas as perspetivas de crescimento para 2025 s\u00e3o otimistas, no entanto, moderadas.<\/p>\n\n\n\n<p>Apesar do mercado de estrangeiros contribuir para o crescimento do setor, a estabiliza\u00e7\u00e3o dos pre\u00e7os das casas s\u00f3 acontecer\u00e1 quando a oferta e a procura se conjugarem.<\/p>\n\n\n\n<p>Os compradores estrangeiros de im\u00f3veis em Portugal aumentaram e chegaram a ultrapassar os nacionais em termos de percentagens de neg\u00f3cios imobili\u00e1rios. Essa tend\u00eancia tamb\u00e9m se verifica no imobili\u00e1rio n\u00e3o destinado \u00e0 habita\u00e7\u00e3o.<\/p>\n\n\n\n<p>Estima-se que tenham sido vendidos 50 mil im\u00f3veis em 2024, com receitas de cerca de 30 mil milh\u00f5es de euros, o que representa um aumento de 20% face ao volume investido em 2023.<\/p>\n","protected":false},"excerpt":{"rendered":"<p>Em 2024, o setor imobili\u00e1rio voltou a registar valores recorde em Portugal, com a venda de casas a aumentar cerca de 13%. Ainda que este aumento seja significativo, as imobili\u00e1rias t\u00eam no\u00e7\u00e3o de que o ano passado foi bastante melhor para o setor imobili\u00e1rio do que 2023, mas as perspetivas de crescimento para 2025 s\u00e3o &#8230; <a title=\"Venda de casas em Portugal a aumentar em 2025\" class=\"read-more\" href=\"https:\/\/marcela.pt\/pt-pt\/noticias\/venda-de-casas-em-portugal-a-aumentar-em-2025\/\" aria-label=\"Leia mais sobre Venda de casas em Portugal a aumentar em 2025\">Ler mais<\/a><\/p>\n","protected":false},"author":5,"featured_media":3166,"comment_status":"closed","ping_status":"closed","sticky":false,"template":"","format":"standard","meta":{"_acf_changed":false,"footnotes":""},"categories":[59],"tags":[],"class_list":["post-3719","post","type-post","status-publish","format-standard","has-post-thumbnail","hentry","category-propriedade","generate-columns","tablet-grid-50","mobile-grid-100","grid-parent","grid-33"],"acf":[],"yoast_head":"<!-- This site is optimized with the Yoast SEO Premium plugin v25.1 (Yoast SEO v25.1) - https:\/\/yoast.com\/wordpress\/plugins\/seo\/ -->\n<title>Venda de casas em Portugal a aumentar em 2025 - Marcela Real Estate<\/title>\n<meta name=\"robots\" content=\"index, follow, max-snippet:-1, max-image-preview:large, max-video-preview:-1\" \/>\n<link rel=\"canonical\" href=\"https:\/\/marcela.pt\/pt-pt\/noticias\/venda-de-casas-em-portugal-a-aumentar-em-2025\/\" \/>\n<meta property=\"og:locale\" content=\"pt_PT\" \/>\n<meta property=\"og:type\" content=\"article\" \/>\n<meta property=\"og:title\" content=\"Venda de casas em Portugal a aumentar em 2025\" \/>\n<meta property=\"og:description\" content=\"Em 2024, o setor imobili\u00e1rio voltou a registar valores recorde em Portugal, com a venda de casas a aumentar cerca de 13%. Ainda que este aumento seja significativo, as imobili\u00e1rias t\u00eam no\u00e7\u00e3o de que o ano passado foi bastante melhor para o setor imobili\u00e1rio do que 2023, mas as perspetivas de crescimento para 2025 s\u00e3o ... Ler mais\" \/>\n<meta property=\"og:url\" content=\"https:\/\/marcela.pt\/pt-pt\/noticias\/venda-de-casas-em-portugal-a-aumentar-em-2025\/\" \/>\n<meta property=\"og:site_name\" content=\"Marcela Real Estate\" \/>\n<meta property=\"article:published_time\" content=\"2025-04-07T09:15:18+00:00\" \/>\n<meta property=\"article:modified_time\" content=\"2025-05-27T09:26:19+00:00\" \/>\n<meta property=\"og:image\" content=\"https:\/\/marcela.pt\/wp-content\/uploads\/2025\/04\/142d051c5e-1743591660_0-scaled.jpg\" \/>\n\t<meta property=\"og:image:width\" content=\"2560\" \/>\n\t<meta property=\"og:image:height\" content=\"1442\" \/>\n\t<meta property=\"og:image:type\" content=\"image\/jpeg\" \/>\n<meta name=\"author\" content=\"Sara Sequeira\" \/>\n<meta name=\"twitter:card\" content=\"summary_large_image\" \/>\n<meta name=\"twitter:label1\" content=\"Escrito por\" \/>\n\t<meta name=\"twitter:data1\" content=\"Sara Sequeira\" \/>\n\t<meta name=\"twitter:label2\" content=\"Tempo estimado de leitura\" \/>\n\t<meta name=\"twitter:data2\" content=\"1 minuto\" \/>\n<script type=\"application\/ld+json\" class=\"yoast-schema-graph\">{\"@context\":\"https:\/\/schema.org\",\"@graph\":[{\"@type\":\"Article\",\"@id\":\"https:\/\/marcela.pt\/pt-pt\/noticias\/venda-de-casas-em-portugal-a-aumentar-em-2025\/#article\",\"isPartOf\":{\"@id\":\"https:\/\/marcela.pt\/pt-pt\/noticias\/venda-de-casas-em-portugal-a-aumentar-em-2025\/\"},\"author\":{\"name\":\"Sara Sequeira\",\"@id\":\"https:\/\/marcela.pt\/pt-pt\/#\/schema\/person\/6f2c80b8925bc317e3ce5e1ddb89179f\"},\"headline\":\"Venda de casas em Portugal a aumentar em 2025\",\"datePublished\":\"2025-04-07T09:15:18+00:00\",\"dateModified\":\"2025-05-27T09:26:19+00:00\",\"mainEntityOfPage\":{\"@id\":\"https:\/\/marcela.pt\/pt-pt\/noticias\/venda-de-casas-em-portugal-a-aumentar-em-2025\/\"},\"wordCount\":167,\"publisher\":{\"@id\":\"https:\/\/marcela.pt\/pt-pt\/#organization\"},\"image\":{\"@id\":\"https:\/\/marcela.pt\/pt-pt\/noticias\/venda-de-casas-em-portugal-a-aumentar-em-2025\/#primaryimage\"},\"thumbnailUrl\":\"https:\/\/marcela.pt\/wp-content\/uploads\/2025\/04\/142d051c5e-1743591660_0-scaled.jpg\",\"articleSection\":[\"Propriedade\"],\"inLanguage\":\"pt-PT\"},{\"@type\":\"WebPage\",\"@id\":\"https:\/\/marcela.pt\/pt-pt\/noticias\/venda-de-casas-em-portugal-a-aumentar-em-2025\/\",\"url\":\"https:\/\/marcela.pt\/pt-pt\/noticias\/venda-de-casas-em-portugal-a-aumentar-em-2025\/\",\"name\":\"Venda de casas em Portugal a aumentar em 2025 - Marcela Real Estate\",\"isPartOf\":{\"@id\":\"https:\/\/marcela.pt\/pt-pt\/#website\"},\"primaryImageOfPage\":{\"@id\":\"https:\/\/marcela.pt\/pt-pt\/noticias\/venda-de-casas-em-portugal-a-aumentar-em-2025\/#primaryimage\"},\"image\":{\"@id\":\"https:\/\/marcela.pt\/pt-pt\/noticias\/venda-de-casas-em-portugal-a-aumentar-em-2025\/#primaryimage\"},\"thumbnailUrl\":\"https:\/\/marcela.pt\/wp-content\/uploads\/2025\/04\/142d051c5e-1743591660_0-scaled.jpg\",\"datePublished\":\"2025-04-07T09:15:18+00:00\",\"dateModified\":\"2025-05-27T09:26:19+00:00\",\"breadcrumb\":{\"@id\":\"https:\/\/marcela.pt\/pt-pt\/noticias\/venda-de-casas-em-portugal-a-aumentar-em-2025\/#breadcrumb\"},\"inLanguage\":\"pt-PT\",\"potentialAction\":[{\"@type\":\"ReadAction\",\"target\":[\"https:\/\/marcela.pt\/pt-pt\/noticias\/venda-de-casas-em-portugal-a-aumentar-em-2025\/\"]}]},{\"@type\":\"ImageObject\",\"inLanguage\":\"pt-PT\",\"@id\":\"https:\/\/marcela.pt\/pt-pt\/noticias\/venda-de-casas-em-portugal-a-aumentar-em-2025\/#primaryimage\",\"url\":\"https:\/\/marcela.pt\/wp-content\/uploads\/2025\/04\/142d051c5e-1743591660_0-scaled.jpg\",\"contentUrl\":\"https:\/\/marcela.pt\/wp-content\/uploads\/2025\/04\/142d051c5e-1743591660_0-scaled.jpg\",\"width\":2560,\"height\":1442},{\"@type\":\"BreadcrumbList\",\"@id\":\"https:\/\/marcela.pt\/pt-pt\/noticias\/venda-de-casas-em-portugal-a-aumentar-em-2025\/#breadcrumb\",\"itemListElement\":[{\"@type\":\"ListItem\",\"position\":1,\"name\":\"Home\",\"item\":\"https:\/\/marcela.pt\/pt-pt\/\"},{\"@type\":\"ListItem\",\"position\":2,\"name\":\"Venda de casas em Portugal a aumentar em 2025\"}]},{\"@type\":\"WebSite\",\"@id\":\"https:\/\/marcela.pt\/pt-pt\/#website\",\"url\":\"https:\/\/marcela.pt\/pt-pt\/\",\"name\":\"Marcela Real Estate\",\"description\":\"Ag\u00eancia imobili\u00e1ria em Lagos, Algarve\",\"publisher\":{\"@id\":\"https:\/\/marcela.pt\/pt-pt\/#organization\"},\"potentialAction\":[{\"@type\":\"SearchAction\",\"target\":{\"@type\":\"EntryPoint\",\"urlTemplate\":\"https:\/\/marcela.pt\/pt-pt\/?s={search_term_string}\"},\"query-input\":{\"@type\":\"PropertyValueSpecification\",\"valueRequired\":true,\"valueName\":\"search_term_string\"}}],\"inLanguage\":\"pt-PT\"},{\"@type\":\"Organization\",\"@id\":\"https:\/\/marcela.pt\/pt-pt\/#organization\",\"name\":\"Marcela Real Estate\",\"url\":\"https:\/\/marcela.pt\/pt-pt\/\",\"logo\":{\"@type\":\"ImageObject\",\"inLanguage\":\"pt-PT\",\"@id\":\"https:\/\/marcela.pt\/pt-pt\/#\/schema\/logo\/image\/\",\"url\":\"https:\/\/marcela.pt\/wp-content\/uploads\/2025\/03\/logo_white.svg\",\"contentUrl\":\"https:\/\/marcela.pt\/wp-content\/uploads\/2025\/03\/logo_white.svg\",\"caption\":\"Marcela Real Estate\"},\"image\":{\"@id\":\"https:\/\/marcela.pt\/pt-pt\/#\/schema\/logo\/image\/\"}},{\"@type\":\"Person\",\"@id\":\"https:\/\/marcela.pt\/pt-pt\/#\/schema\/person\/6f2c80b8925bc317e3ce5e1ddb89179f\",\"name\":\"Sara Sequeira\",\"image\":{\"@type\":\"ImageObject\",\"inLanguage\":\"pt-PT\",\"@id\":\"https:\/\/marcela.pt\/pt-pt\/#\/schema\/person\/image\/\",\"url\":\"https:\/\/secure.gravatar.com\/avatar\/32689de640197072754090168021719c031e8734972332faa28098429a5ce980?s=96&d=mm&r=g\",\"contentUrl\":\"https:\/\/secure.gravatar.com\/avatar\/32689de640197072754090168021719c031e8734972332faa28098429a5ce980?s=96&d=mm&r=g\",\"caption\":\"Sara Sequeira\"},\"url\":\"https:\/\/marcela.pt\/pt-pt\/author\/dengun_sara\/\"}]}<\/script>\n<!-- \/ Yoast SEO Premium plugin. -->","yoast_head_json":{"title":"Venda de casas em Portugal a aumentar em 2025 - Marcela Real Estate","robots":{"index":"index","follow":"follow","max-snippet":"max-snippet:-1","max-image-preview":"max-image-preview:large","max-video-preview":"max-video-preview:-1"},"canonical":"https:\/\/marcela.pt\/pt-pt\/noticias\/venda-de-casas-em-portugal-a-aumentar-em-2025\/","og_locale":"pt_PT","og_type":"article","og_title":"Venda de casas em Portugal a aumentar em 2025","og_description":"Em 2024, o setor imobili\u00e1rio voltou a registar valores recorde em Portugal, com a venda de casas a aumentar cerca de 13%. Ainda que este aumento seja significativo, as imobili\u00e1rias t\u00eam no\u00e7\u00e3o de que o ano passado foi bastante melhor para o setor imobili\u00e1rio do que 2023, mas as perspetivas de crescimento para 2025 s\u00e3o ... Ler mais","og_url":"https:\/\/marcela.pt\/pt-pt\/noticias\/venda-de-casas-em-portugal-a-aumentar-em-2025\/","og_site_name":"Marcela Real Estate","article_published_time":"2025-04-07T09:15:18+00:00","article_modified_time":"2025-05-27T09:26:19+00:00","og_image":[{"width":2560,"height":1442,"url":"https:\/\/marcela.pt\/wp-content\/uploads\/2025\/04\/142d051c5e-1743591660_0-scaled.jpg","type":"image\/jpeg"}],"author":"Sara Sequeira","twitter_card":"summary_large_image","twitter_misc":{"Escrito por":"Sara Sequeira","Tempo estimado de leitura":"1 minuto"},"schema":{"@context":"https:\/\/schema.org","@graph":[{"@type":"Article","@id":"https:\/\/marcela.pt\/pt-pt\/noticias\/venda-de-casas-em-portugal-a-aumentar-em-2025\/#article","isPartOf":{"@id":"https:\/\/marcela.pt\/pt-pt\/noticias\/venda-de-casas-em-portugal-a-aumentar-em-2025\/"},"author":{"name":"Sara Sequeira","@id":"https:\/\/marcela.pt\/pt-pt\/#\/schema\/person\/6f2c80b8925bc317e3ce5e1ddb89179f"},"headline":"Venda de casas em Portugal a aumentar em 2025","datePublished":"2025-04-07T09:15:18+00:00","dateModified":"2025-05-27T09:26:19+00:00","mainEntityOfPage":{"@id":"https:\/\/marcela.pt\/pt-pt\/noticias\/venda-de-casas-em-portugal-a-aumentar-em-2025\/"},"wordCount":167,"publisher":{"@id":"https:\/\/marcela.pt\/pt-pt\/#organization"},"image":{"@id":"https:\/\/marcela.pt\/pt-pt\/noticias\/venda-de-casas-em-portugal-a-aumentar-em-2025\/#primaryimage"},"thumbnailUrl":"https:\/\/marcela.pt\/wp-content\/uploads\/2025\/04\/142d051c5e-1743591660_0-scaled.jpg","articleSection":["Propriedade"],"inLanguage":"pt-PT"},{"@type":"WebPage","@id":"https:\/\/marcela.pt\/pt-pt\/noticias\/venda-de-casas-em-portugal-a-aumentar-em-2025\/","url":"https:\/\/marcela.pt\/pt-pt\/noticias\/venda-de-casas-em-portugal-a-aumentar-em-2025\/","name":"Venda de casas em Portugal a aumentar em 2025 - Marcela Real Estate","isPartOf":{"@id":"https:\/\/marcela.pt\/pt-pt\/#website"},"primaryImageOfPage":{"@id":"https:\/\/marcela.pt\/pt-pt\/noticias\/venda-de-casas-em-portugal-a-aumentar-em-2025\/#primaryimage"},"image":{"@id":"https:\/\/marcela.pt\/pt-pt\/noticias\/venda-de-casas-em-portugal-a-aumentar-em-2025\/#primaryimage"},"thumbnailUrl":"https:\/\/marcela.pt\/wp-content\/uploads\/2025\/04\/142d051c5e-1743591660_0-scaled.jpg","datePublished":"2025-04-07T09:15:18+00:00","dateModified":"2025-05-27T09:26:19+00:00","breadcrumb":{"@id":"https:\/\/marcela.pt\/pt-pt\/noticias\/venda-de-casas-em-portugal-a-aumentar-em-2025\/#breadcrumb"},"inLanguage":"pt-PT","potentialAction":[{"@type":"ReadAction","target":["https:\/\/marcela.pt\/pt-pt\/noticias\/venda-de-casas-em-portugal-a-aumentar-em-2025\/"]}]},{"@type":"ImageObject","inLanguage":"pt-PT","@id":"https:\/\/marcela.pt\/pt-pt\/noticias\/venda-de-casas-em-portugal-a-aumentar-em-2025\/#primaryimage","url":"https:\/\/marcela.pt\/wp-content\/uploads\/2025\/04\/142d051c5e-1743591660_0-scaled.jpg","contentUrl":"https:\/\/marcela.pt\/wp-content\/uploads\/2025\/04\/142d051c5e-1743591660_0-scaled.jpg","width":2560,"height":1442},{"@type":"BreadcrumbList","@id":"https:\/\/marcela.pt\/pt-pt\/noticias\/venda-de-casas-em-portugal-a-aumentar-em-2025\/#breadcrumb","itemListElement":[{"@type":"ListItem","position":1,"name":"Home","item":"https:\/\/marcela.pt\/pt-pt\/"},{"@type":"ListItem","position":2,"name":"Venda de casas em Portugal a aumentar em 2025"}]},{"@type":"WebSite","@id":"https:\/\/marcela.pt\/pt-pt\/#website","url":"https:\/\/marcela.pt\/pt-pt\/","name":"Marcela Real Estate","description":"Ag\u00eancia imobili\u00e1ria em Lagos, Algarve","publisher":{"@id":"https:\/\/marcela.pt\/pt-pt\/#organization"},"potentialAction":[{"@type":"SearchAction","target":{"@type":"EntryPoint","urlTemplate":"https:\/\/marcela.pt\/pt-pt\/?s={search_term_string}"},"query-input":{"@type":"PropertyValueSpecification","valueRequired":true,"valueName":"search_term_string"}}],"inLanguage":"pt-PT"},{"@type":"Organization","@id":"https:\/\/marcela.pt\/pt-pt\/#organization","name":"Marcela Real Estate","url":"https:\/\/marcela.pt\/pt-pt\/","logo":{"@type":"ImageObject","inLanguage":"pt-PT","@id":"https:\/\/marcela.pt\/pt-pt\/#\/schema\/logo\/image\/","url":"https:\/\/marcela.pt\/wp-content\/uploads\/2025\/03\/logo_white.svg","contentUrl":"https:\/\/marcela.pt\/wp-content\/uploads\/2025\/03\/logo_white.svg","caption":"Marcela Real Estate"},"image":{"@id":"https:\/\/marcela.pt\/pt-pt\/#\/schema\/logo\/image\/"}},{"@type":"Person","@id":"https:\/\/marcela.pt\/pt-pt\/#\/schema\/person\/6f2c80b8925bc317e3ce5e1ddb89179f","name":"Sara Sequeira","image":{"@type":"ImageObject","inLanguage":"pt-PT","@id":"https:\/\/marcela.pt\/pt-pt\/#\/schema\/person\/image\/","url":"https:\/\/secure.gravatar.com\/avatar\/32689de640197072754090168021719c031e8734972332faa28098429a5ce980?s=96&d=mm&r=g","contentUrl":"https:\/\/secure.gravatar.com\/avatar\/32689de640197072754090168021719c031e8734972332faa28098429a5ce980?s=96&d=mm&r=g","caption":"Sara Sequeira"},"url":"https:\/\/marcela.pt\/pt-pt\/author\/dengun_sara\/"}]}},"_links":{"self":[{"href":"https:\/\/marcela.pt\/pt-pt\/wp-json\/wp\/v2\/posts\/3719","targetHints":{"allow":["GET"]}}],"collection":[{"href":"https:\/\/marcela.pt\/pt-pt\/wp-json\/wp\/v2\/posts"}],"about":[{"href":"https:\/\/marcela.pt\/pt-pt\/wp-json\/wp\/v2\/types\/post"}],"author":[{"embeddable":true,"href":"https:\/\/marcela.pt\/pt-pt\/wp-json\/wp\/v2\/users\/5"}],"replies":[{"embeddable":true,"href":"https:\/\/marcela.pt\/pt-pt\/wp-json\/wp\/v2\/comments?post=3719"}],"version-history":[{"count":4,"href":"https:\/\/marcela.pt\/pt-pt\/wp-json\/wp\/v2\/posts\/3719\/revisions"}],"predecessor-version":[{"id":4706,"href":"https:\/\/marcela.pt\/pt-pt\/wp-json\/wp\/v2\/posts\/3719\/revisions\/4706"}],"wp:featuredmedia":[{"embeddable":true,"href":"https:\/\/marcela.pt\/pt-pt\/wp-json\/wp\/v2\/media\/3166"}],"wp:attachment":[{"href":"https:\/\/marcela.pt\/pt-pt\/wp-json\/wp\/v2\/media?parent=3719"}],"wp:term":[{"taxonomy":"category","embeddable":true,"href":"https:\/\/marcela.pt\/pt-pt\/wp-json\/wp\/v2\/categories?post=3719"},{"taxonomy":"post_tag","embeddable":true,"href":"https:\/\/marcela.pt\/pt-pt\/wp-json\/wp\/v2\/tags?post=3719"}],"curies":[{"name":"wp","href":"https:\/\/api.w.org\/{rel}","templated":true}]}}