{"id":3711,"date":"2025-04-07T09:21:26","date_gmt":"2025-04-07T09:21:26","guid":{"rendered":"https:\/\/marcela.pt\/news\/irs-2025-wages-pensions-and-taxes-2\/"},"modified":"2025-05-27T09:24:21","modified_gmt":"2025-05-27T09:24:21","slug":"irs-2025-salarios-pensoes-e-impostos-2","status":"publish","type":"post","link":"https:\/\/marcela.pt\/pt-pt\/noticias\/irs-2025-salarios-pensoes-e-impostos-2\/","title":{"rendered":"IRS 2025 &#8211; Sal\u00e1rios, Pens\u00f5es e Impostos"},"content":{"rendered":"\n<p>As mudan\u00e7as no IRS para 2025 prometem um aumento do rendimento dispon\u00edvel para a maioria dos trabalhadores e pensionistas.<br><br><\/p>\n\n\n\n<p>O IRS foi alvo de v\u00e1rias mudan\u00e7as, introduzidas atrav\u00e9s do OE2025, cujo efeito ser\u00e1 parcialmente sentido nos pr\u00f3ximo meses, atrav\u00e9s da reten\u00e7\u00e3o na fonte, e com acerto final marcado para o momento da entrega da declara\u00e7\u00e3o anual de rendimentos.<\/p>\n\n\n\n<p>Ao alargamento, em diversas frentes, do IRS Jovem, juntam-se em 2025 v\u00e1rias actualiza\u00e7\u00f5es, todas com impacto no rendimento l\u00edquido de trabalhadores e pensionistas.<br><strong>Actualiza\u00e7\u00e3o dos escal\u00f5es &#8211;<\/strong> Os limites dos nove escal\u00f5es de rendimento colet\u00e1vel s\u00e3o atualizados em 4,6%, o que garante um aumento do valor da &#8220;fatia&#8221; de rendimento sobre a qual incide cada uma das taxas gerais do imposto. Esta atualiza\u00e7\u00e3o tamb\u00e9m impede que quem tenha aumentos salariais at\u00e9 4,6% veja o imposto agravar-se.<\/p>\n\n\n\n<p><strong>Alargamento do IRS Jovem &#8211;<\/strong> O IRS Jovem n\u00e3o \u00e9 uma novidade, mas o modelo que vai vigorar a partir de janeiro introduz v\u00e1rias altera\u00e7\u00f5es em diversas frentes. Desde logo, aumenta de cinco para 10 o n\u00famero de anos durante o qual se pode beneficiar deste regime que concede uma isen\u00e7\u00e3o fiscal aos trabalhadores com at\u00e9 35 anos \u2013 quem fizer os 36 anos at\u00e9 ao final do ano de 2025 j\u00e1 n\u00e3o pode beneficiar e assim sucessivamente.<br>Passam a poder beneficiar todas as pessoas at\u00e9 aos 35 anos, independentemente do n\u00edvel de habilita\u00e7\u00f5es acad\u00e9micas e do ciclo de estudos, e o limite do valor de rendimento isento de IRS tamb\u00e9m aumenta, passando para o equivalente a 55 vezes o valor do Indexante de Apoios Sociais (que em 2025 avan\u00e7a para 522,5 euros), ou seja, cerca de 28 mil euros anuais.A isen\u00e7\u00e3o \u00e9 de 100% no 1.\u00ba ano de obten\u00e7\u00e3o de rendimentos, de 75% do 2.\u00ba ao 4.\u00ba ano, de 50% do 5.\u00ba ao 7.\u00ba ano e de 25% nos tr\u00eas anos restantes.<\/p>\n\n\n\n<p><strong>Alargamento da dedu\u00e7\u00e3o espec\u00edfica &#8211;<\/strong> A dedu\u00e7\u00e3o espec\u00edfica estava h\u00e1 v\u00e1rios anos congelada nos 4.104 euros, tendo sofrido uma primeira atualiza\u00e7\u00e3o em 2024 atrav\u00e9s de um conjunto de altera\u00e7\u00f5es ao IRS aprovado pelo parlamento.<br>Em 2025, o seu valor volta a aumentar j\u00e1 que o OE2025 determina que esta dedu\u00e7\u00e3o passa a ser equivalente a 8,54 vezes o IAS.A dedu\u00e7\u00e3o espec\u00edfica \u00e9 atribu\u00edda de forma autom\u00e1tica a todos os pensionistas e trabalhadores, sendo mais elevada para aqueles cujos 11% de desconto para a Seguran\u00e7a Social resultam num valor mais alto.<\/p>\n\n\n\n<p><strong>Descida da taxa de reten\u00e7\u00e3o dos &#8220;recibos verdes&#8221; &#8211;<\/strong> Ao contr\u00e1rio do que sucede com os trabalhadores por conta de outrem e pensionistas, a taxa de reten\u00e7\u00e3o na fonte do IRS dos &#8216;recibos verdes&#8217; \u00e9 sempre igual, independentemente do rendimento. Esta taxa de reten\u00e7\u00e3o era at\u00e9 agora de 25% e em 2025 passa a ser de 23%.<\/p>\n\n\n\n<p><strong>SMN continua isento de IRS &#8211;<\/strong> O valor de rendimento isento de IRS (conhecido por m\u00ednimo de exist\u00eancia) vai novamente acompanhar a subida do sal\u00e1rio m\u00ednimo nacional, garantindo que quem em 2025 ganhar at\u00e9 870 euros mensais (12.180 euros anuais) n\u00e3o paga imposto.<\/p>\n\n\n\n<p><strong>Subs\u00eddio de refei\u00e7\u00e3o em cart\u00e3o &#8211;<\/strong> O valor do subs\u00eddio de refei\u00e7\u00e3o pago em cart\u00e3o isento de IRS e de contribui\u00e7\u00f5es para a Seguran\u00e7a Social vai subir de 9,60 euros em 2024 para 10,20 euros em 2025, sendo esta uma medida que resultou do acordo tripartido de Concerta\u00e7\u00e3o Social. O montante deste subs\u00eddio pago em dinheiro isento de IRS mant\u00e9m-se nos seis euros.<\/p>\n\n\n\n<p><strong>Reten\u00e7\u00e3o do trabalho suplementar &#8211;<\/strong> Os valores de remunera\u00e7\u00e3o relativos ao trabalho suplementar passam a fazer uma reten\u00e7\u00e3o na fonte equivalente a 50% da taxa que corresponde \u00e0 reten\u00e7\u00e3o do sal\u00e1rio mensal do trabalhador. No regime que vigorou at\u00e9 aqui, este desconto de 50% na reten\u00e7\u00e3o apenas era aplicado a partir da 101.\u00aa hora de trabalho suplementar.<\/p>\n\n\n\n<p><strong>Pr\u00e9mios de desempenho e produtividade &#8211;<\/strong> Os pr\u00e9mios de produtividade, desempenho ou de participa\u00e7\u00e3o nos lucros, sem car\u00e1ter regular, at\u00e9 ao montante inferior ou igual a 6% da remunera\u00e7\u00e3o base do trabalhador ficam isentos de IRS e de Taxa Social \u00danica (TSU), mas com a condi\u00e7\u00e3o de a empresa efetuar um aumento m\u00ednimo de 4,7% da remunera\u00e7\u00e3o base dos trabalhadores que ganham um valor igual ou inferior \u00e0 remunera\u00e7\u00e3o base (anual) existente na empresa no final do ano anterior; que haja um aumento global de 4,7% e que esteja abrangida por instrumento de regulamenta\u00e7\u00e3o coletiva de trabalho celebrado ou atualizado h\u00e1 menos de tr\u00eas anos.<\/p>\n\n\n\n<p><strong>Reten\u00e7\u00e3o na fonte &#8211;<\/strong> \u00c0 semelhan\u00e7a do que tem acontecido, em 2025 dever\u00e3o ser aplicadas novas tabelas de reten\u00e7\u00e3o na fonte do IRS, desenhadas de forma a acomodar as mudan\u00e7as no imposto.<\/p>\n\n\n\n<p><strong>Janeiro 2025<\/strong><\/p>\n\n\n\n<p><\/p>\n","protected":false},"excerpt":{"rendered":"<p>As mudan\u00e7as no IRS para 2025 prometem um aumento do rendimento dispon\u00edvel para a maioria dos trabalhadores e pensionistas. O IRS foi alvo de v\u00e1rias mudan\u00e7as, introduzidas atrav\u00e9s do OE2025, cujo efeito ser\u00e1 parcialmente sentido nos pr\u00f3ximo meses, atrav\u00e9s da reten\u00e7\u00e3o na fonte, e com acerto final marcado para o momento da entrega da declara\u00e7\u00e3o &#8230; <a title=\"IRS 2025 &#8211; Sal\u00e1rios, Pens\u00f5es e Impostos\" class=\"read-more\" href=\"https:\/\/marcela.pt\/pt-pt\/noticias\/irs-2025-salarios-pensoes-e-impostos-2\/\" aria-label=\"Leia mais sobre IRS 2025 &#8211; Sal\u00e1rios, Pens\u00f5es e Impostos\">Ler mais<\/a><\/p>\n","protected":false},"author":5,"featured_media":3174,"comment_status":"closed","ping_status":"closed","sticky":false,"template":"","format":"standard","meta":{"_acf_changed":false,"footnotes":""},"categories":[51],"tags":[],"class_list":["post-3711","post","type-post","status-publish","format-standard","has-post-thumbnail","hentry","category-financiamento","generate-columns","tablet-grid-50","mobile-grid-100","grid-parent","grid-33"],"acf":[],"yoast_head":"<!-- This site is optimized with the Yoast SEO Premium plugin v25.1 (Yoast SEO v25.1) - https:\/\/yoast.com\/wordpress\/plugins\/seo\/ -->\n<title>IRS 2025 - Sal\u00e1rios, Pens\u00f5es e Impostos - Marcela Real Estate<\/title>\n<meta name=\"robots\" content=\"index, follow, max-snippet:-1, max-image-preview:large, max-video-preview:-1\" \/>\n<link rel=\"canonical\" href=\"https:\/\/marcela.pt\/pt-pt\/noticias\/irs-2025-salarios-pensoes-e-impostos-2\/\" \/>\n<meta property=\"og:locale\" content=\"pt_PT\" \/>\n<meta property=\"og:type\" content=\"article\" \/>\n<meta property=\"og:title\" content=\"IRS 2025 - Sal\u00e1rios, Pens\u00f5es e Impostos\" \/>\n<meta property=\"og:description\" content=\"As mudan\u00e7as no IRS para 2025 prometem um aumento do rendimento dispon\u00edvel para a maioria dos trabalhadores e pensionistas. O IRS foi alvo de v\u00e1rias mudan\u00e7as, introduzidas atrav\u00e9s do OE2025, cujo efeito ser\u00e1 parcialmente sentido nos pr\u00f3ximo meses, atrav\u00e9s da reten\u00e7\u00e3o na fonte, e com acerto final marcado para o momento da entrega da declara\u00e7\u00e3o ... Ler mais\" \/>\n<meta property=\"og:url\" content=\"https:\/\/marcela.pt\/pt-pt\/noticias\/irs-2025-salarios-pensoes-e-impostos-2\/\" \/>\n<meta property=\"og:site_name\" content=\"Marcela Real Estate\" \/>\n<meta property=\"article:published_time\" content=\"2025-04-07T09:21:26+00:00\" \/>\n<meta property=\"article:modified_time\" content=\"2025-05-27T09:24:21+00:00\" \/>\n<meta property=\"og:image\" content=\"https:\/\/marcela.pt\/wp-content\/uploads\/2025\/04\/142d051c5e-1737993164_0-1-scaled.jpg\" \/>\n\t<meta property=\"og:image:width\" content=\"2560\" \/>\n\t<meta property=\"og:image:height\" content=\"1707\" \/>\n\t<meta property=\"og:image:type\" content=\"image\/jpeg\" \/>\n<meta name=\"author\" content=\"Sara Sequeira\" \/>\n<meta name=\"twitter:card\" content=\"summary_large_image\" \/>\n<meta name=\"twitter:label1\" content=\"Escrito por\" \/>\n\t<meta name=\"twitter:data1\" content=\"Sara Sequeira\" \/>\n\t<meta name=\"twitter:label2\" content=\"Tempo estimado de leitura\" \/>\n\t<meta name=\"twitter:data2\" content=\"4 minutos\" \/>\n<script type=\"application\/ld+json\" class=\"yoast-schema-graph\">{\"@context\":\"https:\/\/schema.org\",\"@graph\":[{\"@type\":\"Article\",\"@id\":\"https:\/\/marcela.pt\/pt-pt\/noticias\/irs-2025-salarios-pensoes-e-impostos-2\/#article\",\"isPartOf\":{\"@id\":\"https:\/\/marcela.pt\/pt-pt\/noticias\/irs-2025-salarios-pensoes-e-impostos-2\/\"},\"author\":{\"name\":\"Sara Sequeira\",\"@id\":\"https:\/\/marcela.pt\/pt-pt\/#\/schema\/person\/6f2c80b8925bc317e3ce5e1ddb89179f\"},\"headline\":\"IRS 2025 &#8211; Sal\u00e1rios, Pens\u00f5es e Impostos\",\"datePublished\":\"2025-04-07T09:21:26+00:00\",\"dateModified\":\"2025-05-27T09:24:21+00:00\",\"mainEntityOfPage\":{\"@id\":\"https:\/\/marcela.pt\/pt-pt\/noticias\/irs-2025-salarios-pensoes-e-impostos-2\/\"},\"wordCount\":802,\"publisher\":{\"@id\":\"https:\/\/marcela.pt\/pt-pt\/#organization\"},\"image\":{\"@id\":\"https:\/\/marcela.pt\/pt-pt\/noticias\/irs-2025-salarios-pensoes-e-impostos-2\/#primaryimage\"},\"thumbnailUrl\":\"https:\/\/marcela.pt\/wp-content\/uploads\/2025\/04\/142d051c5e-1737993164_0-1-scaled.jpg\",\"articleSection\":[\"Financiamento\"],\"inLanguage\":\"pt-PT\"},{\"@type\":\"WebPage\",\"@id\":\"https:\/\/marcela.pt\/pt-pt\/noticias\/irs-2025-salarios-pensoes-e-impostos-2\/\",\"url\":\"https:\/\/marcela.pt\/pt-pt\/noticias\/irs-2025-salarios-pensoes-e-impostos-2\/\",\"name\":\"IRS 2025 - Sal\u00e1rios, Pens\u00f5es e Impostos - Marcela Real Estate\",\"isPartOf\":{\"@id\":\"https:\/\/marcela.pt\/pt-pt\/#website\"},\"primaryImageOfPage\":{\"@id\":\"https:\/\/marcela.pt\/pt-pt\/noticias\/irs-2025-salarios-pensoes-e-impostos-2\/#primaryimage\"},\"image\":{\"@id\":\"https:\/\/marcela.pt\/pt-pt\/noticias\/irs-2025-salarios-pensoes-e-impostos-2\/#primaryimage\"},\"thumbnailUrl\":\"https:\/\/marcela.pt\/wp-content\/uploads\/2025\/04\/142d051c5e-1737993164_0-1-scaled.jpg\",\"datePublished\":\"2025-04-07T09:21:26+00:00\",\"dateModified\":\"2025-05-27T09:24:21+00:00\",\"breadcrumb\":{\"@id\":\"https:\/\/marcela.pt\/pt-pt\/noticias\/irs-2025-salarios-pensoes-e-impostos-2\/#breadcrumb\"},\"inLanguage\":\"pt-PT\",\"potentialAction\":[{\"@type\":\"ReadAction\",\"target\":[\"https:\/\/marcela.pt\/pt-pt\/noticias\/irs-2025-salarios-pensoes-e-impostos-2\/\"]}]},{\"@type\":\"ImageObject\",\"inLanguage\":\"pt-PT\",\"@id\":\"https:\/\/marcela.pt\/pt-pt\/noticias\/irs-2025-salarios-pensoes-e-impostos-2\/#primaryimage\",\"url\":\"https:\/\/marcela.pt\/wp-content\/uploads\/2025\/04\/142d051c5e-1737993164_0-1-scaled.jpg\",\"contentUrl\":\"https:\/\/marcela.pt\/wp-content\/uploads\/2025\/04\/142d051c5e-1737993164_0-1-scaled.jpg\",\"width\":2560,\"height\":1707},{\"@type\":\"BreadcrumbList\",\"@id\":\"https:\/\/marcela.pt\/pt-pt\/noticias\/irs-2025-salarios-pensoes-e-impostos-2\/#breadcrumb\",\"itemListElement\":[{\"@type\":\"ListItem\",\"position\":1,\"name\":\"Home\",\"item\":\"https:\/\/marcela.pt\/pt-pt\/\"},{\"@type\":\"ListItem\",\"position\":2,\"name\":\"IRS 2025 &#8211; Sal\u00e1rios, Pens\u00f5es e Impostos\"}]},{\"@type\":\"WebSite\",\"@id\":\"https:\/\/marcela.pt\/pt-pt\/#website\",\"url\":\"https:\/\/marcela.pt\/pt-pt\/\",\"name\":\"Marcela Real Estate\",\"description\":\"Ag\u00eancia imobili\u00e1ria em Lagos, Algarve\",\"publisher\":{\"@id\":\"https:\/\/marcela.pt\/pt-pt\/#organization\"},\"potentialAction\":[{\"@type\":\"SearchAction\",\"target\":{\"@type\":\"EntryPoint\",\"urlTemplate\":\"https:\/\/marcela.pt\/pt-pt\/?s={search_term_string}\"},\"query-input\":{\"@type\":\"PropertyValueSpecification\",\"valueRequired\":true,\"valueName\":\"search_term_string\"}}],\"inLanguage\":\"pt-PT\"},{\"@type\":\"Organization\",\"@id\":\"https:\/\/marcela.pt\/pt-pt\/#organization\",\"name\":\"Marcela Real Estate\",\"url\":\"https:\/\/marcela.pt\/pt-pt\/\",\"logo\":{\"@type\":\"ImageObject\",\"inLanguage\":\"pt-PT\",\"@id\":\"https:\/\/marcela.pt\/pt-pt\/#\/schema\/logo\/image\/\",\"url\":\"https:\/\/marcela.pt\/wp-content\/uploads\/2025\/03\/logo_white.svg\",\"contentUrl\":\"https:\/\/marcela.pt\/wp-content\/uploads\/2025\/03\/logo_white.svg\",\"caption\":\"Marcela Real Estate\"},\"image\":{\"@id\":\"https:\/\/marcela.pt\/pt-pt\/#\/schema\/logo\/image\/\"}},{\"@type\":\"Person\",\"@id\":\"https:\/\/marcela.pt\/pt-pt\/#\/schema\/person\/6f2c80b8925bc317e3ce5e1ddb89179f\",\"name\":\"Sara Sequeira\",\"image\":{\"@type\":\"ImageObject\",\"inLanguage\":\"pt-PT\",\"@id\":\"https:\/\/marcela.pt\/pt-pt\/#\/schema\/person\/image\/\",\"url\":\"https:\/\/secure.gravatar.com\/avatar\/32689de640197072754090168021719c031e8734972332faa28098429a5ce980?s=96&d=mm&r=g\",\"contentUrl\":\"https:\/\/secure.gravatar.com\/avatar\/32689de640197072754090168021719c031e8734972332faa28098429a5ce980?s=96&d=mm&r=g\",\"caption\":\"Sara Sequeira\"},\"url\":\"https:\/\/marcela.pt\/pt-pt\/author\/dengun_sara\/\"}]}<\/script>\n<!-- \/ Yoast SEO Premium plugin. -->","yoast_head_json":{"title":"IRS 2025 - Sal\u00e1rios, Pens\u00f5es e Impostos - Marcela Real Estate","robots":{"index":"index","follow":"follow","max-snippet":"max-snippet:-1","max-image-preview":"max-image-preview:large","max-video-preview":"max-video-preview:-1"},"canonical":"https:\/\/marcela.pt\/pt-pt\/noticias\/irs-2025-salarios-pensoes-e-impostos-2\/","og_locale":"pt_PT","og_type":"article","og_title":"IRS 2025 - Sal\u00e1rios, Pens\u00f5es e Impostos","og_description":"As mudan\u00e7as no IRS para 2025 prometem um aumento do rendimento dispon\u00edvel para a maioria dos trabalhadores e pensionistas. O IRS foi alvo de v\u00e1rias mudan\u00e7as, introduzidas atrav\u00e9s do OE2025, cujo efeito ser\u00e1 parcialmente sentido nos pr\u00f3ximo meses, atrav\u00e9s da reten\u00e7\u00e3o na fonte, e com acerto final marcado para o momento da entrega da declara\u00e7\u00e3o ... Ler mais","og_url":"https:\/\/marcela.pt\/pt-pt\/noticias\/irs-2025-salarios-pensoes-e-impostos-2\/","og_site_name":"Marcela Real Estate","article_published_time":"2025-04-07T09:21:26+00:00","article_modified_time":"2025-05-27T09:24:21+00:00","og_image":[{"width":2560,"height":1707,"url":"https:\/\/marcela.pt\/wp-content\/uploads\/2025\/04\/142d051c5e-1737993164_0-1-scaled.jpg","type":"image\/jpeg"}],"author":"Sara Sequeira","twitter_card":"summary_large_image","twitter_misc":{"Escrito por":"Sara Sequeira","Tempo estimado de leitura":"4 minutos"},"schema":{"@context":"https:\/\/schema.org","@graph":[{"@type":"Article","@id":"https:\/\/marcela.pt\/pt-pt\/noticias\/irs-2025-salarios-pensoes-e-impostos-2\/#article","isPartOf":{"@id":"https:\/\/marcela.pt\/pt-pt\/noticias\/irs-2025-salarios-pensoes-e-impostos-2\/"},"author":{"name":"Sara Sequeira","@id":"https:\/\/marcela.pt\/pt-pt\/#\/schema\/person\/6f2c80b8925bc317e3ce5e1ddb89179f"},"headline":"IRS 2025 &#8211; Sal\u00e1rios, Pens\u00f5es e Impostos","datePublished":"2025-04-07T09:21:26+00:00","dateModified":"2025-05-27T09:24:21+00:00","mainEntityOfPage":{"@id":"https:\/\/marcela.pt\/pt-pt\/noticias\/irs-2025-salarios-pensoes-e-impostos-2\/"},"wordCount":802,"publisher":{"@id":"https:\/\/marcela.pt\/pt-pt\/#organization"},"image":{"@id":"https:\/\/marcela.pt\/pt-pt\/noticias\/irs-2025-salarios-pensoes-e-impostos-2\/#primaryimage"},"thumbnailUrl":"https:\/\/marcela.pt\/wp-content\/uploads\/2025\/04\/142d051c5e-1737993164_0-1-scaled.jpg","articleSection":["Financiamento"],"inLanguage":"pt-PT"},{"@type":"WebPage","@id":"https:\/\/marcela.pt\/pt-pt\/noticias\/irs-2025-salarios-pensoes-e-impostos-2\/","url":"https:\/\/marcela.pt\/pt-pt\/noticias\/irs-2025-salarios-pensoes-e-impostos-2\/","name":"IRS 2025 - Sal\u00e1rios, Pens\u00f5es e Impostos - Marcela Real Estate","isPartOf":{"@id":"https:\/\/marcela.pt\/pt-pt\/#website"},"primaryImageOfPage":{"@id":"https:\/\/marcela.pt\/pt-pt\/noticias\/irs-2025-salarios-pensoes-e-impostos-2\/#primaryimage"},"image":{"@id":"https:\/\/marcela.pt\/pt-pt\/noticias\/irs-2025-salarios-pensoes-e-impostos-2\/#primaryimage"},"thumbnailUrl":"https:\/\/marcela.pt\/wp-content\/uploads\/2025\/04\/142d051c5e-1737993164_0-1-scaled.jpg","datePublished":"2025-04-07T09:21:26+00:00","dateModified":"2025-05-27T09:24:21+00:00","breadcrumb":{"@id":"https:\/\/marcela.pt\/pt-pt\/noticias\/irs-2025-salarios-pensoes-e-impostos-2\/#breadcrumb"},"inLanguage":"pt-PT","potentialAction":[{"@type":"ReadAction","target":["https:\/\/marcela.pt\/pt-pt\/noticias\/irs-2025-salarios-pensoes-e-impostos-2\/"]}]},{"@type":"ImageObject","inLanguage":"pt-PT","@id":"https:\/\/marcela.pt\/pt-pt\/noticias\/irs-2025-salarios-pensoes-e-impostos-2\/#primaryimage","url":"https:\/\/marcela.pt\/wp-content\/uploads\/2025\/04\/142d051c5e-1737993164_0-1-scaled.jpg","contentUrl":"https:\/\/marcela.pt\/wp-content\/uploads\/2025\/04\/142d051c5e-1737993164_0-1-scaled.jpg","width":2560,"height":1707},{"@type":"BreadcrumbList","@id":"https:\/\/marcela.pt\/pt-pt\/noticias\/irs-2025-salarios-pensoes-e-impostos-2\/#breadcrumb","itemListElement":[{"@type":"ListItem","position":1,"name":"Home","item":"https:\/\/marcela.pt\/pt-pt\/"},{"@type":"ListItem","position":2,"name":"IRS 2025 &#8211; Sal\u00e1rios, Pens\u00f5es e Impostos"}]},{"@type":"WebSite","@id":"https:\/\/marcela.pt\/pt-pt\/#website","url":"https:\/\/marcela.pt\/pt-pt\/","name":"Marcela Real Estate","description":"Ag\u00eancia imobili\u00e1ria em Lagos, Algarve","publisher":{"@id":"https:\/\/marcela.pt\/pt-pt\/#organization"},"potentialAction":[{"@type":"SearchAction","target":{"@type":"EntryPoint","urlTemplate":"https:\/\/marcela.pt\/pt-pt\/?s={search_term_string}"},"query-input":{"@type":"PropertyValueSpecification","valueRequired":true,"valueName":"search_term_string"}}],"inLanguage":"pt-PT"},{"@type":"Organization","@id":"https:\/\/marcela.pt\/pt-pt\/#organization","name":"Marcela Real Estate","url":"https:\/\/marcela.pt\/pt-pt\/","logo":{"@type":"ImageObject","inLanguage":"pt-PT","@id":"https:\/\/marcela.pt\/pt-pt\/#\/schema\/logo\/image\/","url":"https:\/\/marcela.pt\/wp-content\/uploads\/2025\/03\/logo_white.svg","contentUrl":"https:\/\/marcela.pt\/wp-content\/uploads\/2025\/03\/logo_white.svg","caption":"Marcela Real Estate"},"image":{"@id":"https:\/\/marcela.pt\/pt-pt\/#\/schema\/logo\/image\/"}},{"@type":"Person","@id":"https:\/\/marcela.pt\/pt-pt\/#\/schema\/person\/6f2c80b8925bc317e3ce5e1ddb89179f","name":"Sara Sequeira","image":{"@type":"ImageObject","inLanguage":"pt-PT","@id":"https:\/\/marcela.pt\/pt-pt\/#\/schema\/person\/image\/","url":"https:\/\/secure.gravatar.com\/avatar\/32689de640197072754090168021719c031e8734972332faa28098429a5ce980?s=96&d=mm&r=g","contentUrl":"https:\/\/secure.gravatar.com\/avatar\/32689de640197072754090168021719c031e8734972332faa28098429a5ce980?s=96&d=mm&r=g","caption":"Sara Sequeira"},"url":"https:\/\/marcela.pt\/pt-pt\/author\/dengun_sara\/"}]}},"_links":{"self":[{"href":"https:\/\/marcela.pt\/pt-pt\/wp-json\/wp\/v2\/posts\/3711","targetHints":{"allow":["GET"]}}],"collection":[{"href":"https:\/\/marcela.pt\/pt-pt\/wp-json\/wp\/v2\/posts"}],"about":[{"href":"https:\/\/marcela.pt\/pt-pt\/wp-json\/wp\/v2\/types\/post"}],"author":[{"embeddable":true,"href":"https:\/\/marcela.pt\/pt-pt\/wp-json\/wp\/v2\/users\/5"}],"replies":[{"embeddable":true,"href":"https:\/\/marcela.pt\/pt-pt\/wp-json\/wp\/v2\/comments?post=3711"}],"version-history":[{"count":6,"href":"https:\/\/marcela.pt\/pt-pt\/wp-json\/wp\/v2\/posts\/3711\/revisions"}],"predecessor-version":[{"id":4702,"href":"https:\/\/marcela.pt\/pt-pt\/wp-json\/wp\/v2\/posts\/3711\/revisions\/4702"}],"wp:featuredmedia":[{"embeddable":true,"href":"https:\/\/marcela.pt\/pt-pt\/wp-json\/wp\/v2\/media\/3174"}],"wp:attachment":[{"href":"https:\/\/marcela.pt\/pt-pt\/wp-json\/wp\/v2\/media?parent=3711"}],"wp:term":[{"taxonomy":"category","embeddable":true,"href":"https:\/\/marcela.pt\/pt-pt\/wp-json\/wp\/v2\/categories?post=3711"},{"taxonomy":"post_tag","embeddable":true,"href":"https:\/\/marcela.pt\/pt-pt\/wp-json\/wp\/v2\/tags?post=3711"}],"curies":[{"name":"wp","href":"https:\/\/api.w.org\/{rel}","templated":true}]}}